{"id":1100,"date":"2016-11-07T10:30:17","date_gmt":"2016-11-07T09:30:17","guid":{"rendered":"http:\/\/www.picuida.es\/ciudadania\/?p=1100"},"modified":"2019-07-11T14:55:52","modified_gmt":"2019-07-11T12:55:52","slug":"una-cpap-guia-pacientes-apnea-del-sueno","status":"publish","type":"post","link":"https:\/\/www.picuida.es\/ciudadania\/una-cpap-guia-pacientes-apnea-del-sueno\/","title":{"rendered":"\u00bfQu\u00e9 es una CPAP?: Gu\u00eda para pacientes con apnea del sue\u00f1o"},"content":{"rendered":"<p style=\"text-align: justify;\">Durante el sue\u00f1o lo normal es que se respire de forma similar a cuando estamos despiertos, pero la respiraci\u00f3n pasa a ser totalmente autom\u00e1tica y se produce un mayor grado de relajaci\u00f3n de los m\u00fasculos. A veces, aparecen alteraciones de la respiraci\u00f3n que dan lugar a la enfermedad conocida como S\u00edndrome de Apnea- Hipopnea Obstructiva del Sue\u00f1o (SAHS). Es una enfermedad cr\u00f3nica y muy frecuente, ya que afecta a un 4-6% de los hombres\u00a0y a un 2-4% de las mujeres en la edad adulta. Existen diferentes grados de severidad del SAHS y en general precisa tratamiento a largo plazo.<\/p>\n<p style=\"text-align: justify;\">El tratamiento debe ir dirigido a adquirir h\u00e1bitos de vida saludable y cumplir las recomendaciones hechas con el objetivo de corregir factores de riesgo: el sobrepeso, el tabaco, las bebidas alcoh\u00f3licas y estimulantes, \u00a0medicamentos para dormir (sedantes y relajantes), cenas copiosas&#8230;<\/p>\n<p style=\"text-align: justify;\">En pacientes concretos en los que existen alteraciones faciales evidentes a nivel nasal, oral o far\u00edngeo, puede estar indicada la realizaci\u00f3n de una cirug\u00eda correctora de las mismas.<\/p>\n<p style=\"text-align: justify;\">En tercer lugar, para los casos m\u00e1s graves o con factores de riesgo laboral o vascular, en los que las medidas higi\u00e9nico-diet\u00e9ticas no son eficaces, estas se deben complementar con la utilizaci\u00f3n de la CPAP (siglas en ingl\u00e9s de Presi\u00f3n Positiva Continua en la V\u00eda A\u00e9rea). Es un dispositivo mec\u00e1nico que ha demostrado ser el m\u00e1s eficaz para tratar las apneas durante el sue\u00f1o y al que nos referiremos en los pr\u00f3ximos apartados de esta gu\u00eda.<\/p>\n<p style=\"text-align: justify;\">La CPAP es un aparato que proporciona una presi\u00f3n positiva continua de aire durante todo el ciclo ventilatorio (inspiraci\u00f3n y espiraci\u00f3n), lo que hace que se mantenga abierta la v\u00eda respiratoria superior, y por tanto impide su colapso. La CPAP genera un flujo constante de aire que a trav\u00e9s de una tubuladura se transmite a una m\u00e1scara nasal y, de ah\u00ed, a la v\u00eda a\u00e9rea superior lo que provoca su estabilizaci\u00f3n y un incremento de su \u00e1rea, evitando que se produzcan las apneas.<\/p>\n<p style=\"text-align: justify;\"><img decoding=\"async\" class=\"size-medium wp-image-1106 aligncenter\" src=\"http:\/\/www.picuida.es\/ciudadania\/wp-content\/uploads\/2016\/11\/cpap2-300x269.jpg\" alt=\"cpap2\" width=\"300\" height=\"269\" srcset=\"https:\/\/www.picuida.es\/ciudadania\/wp-content\/uploads\/2016\/11\/cpap2-300x269.jpg 300w, https:\/\/www.picuida.es\/ciudadania\/wp-content\/uploads\/2016\/11\/cpap2.jpg 471w\" sizes=\"(max-width: 300px) 100vw, 300px\" \/><\/p>\n<p style=\"text-align: justify;\">La Sociedad Espa\u00f1ola de Neumolog\u00eda y Cirug\u00eda Tor\u00e1cica publica una <a href=\"https:\/\/www.separ.es\/?q=node\/729\" target=\"_blank\" rel=\"noopener noreferrer\">gu\u00eda<\/a> dirigida al\u00a0paciente que usa la CPAP como tratamiento del SAHS. De una forma sencilla, clara y directa, el paciente\u00a0podr\u00e1 comprender en qu\u00e9 consiste el tratamiento, cu\u00e1nto tiempo debe usarlo, qu\u00e9 cuidados debe tener en el d\u00eda a d\u00eda y c\u00f3mo resolver algunos problemas que puedan surgir.<\/p>\n<p style=\"text-align: justify;\"><a href=\"https:\/\/www.separ.es\/?q=node\/729\" target=\"_blank\" rel=\"noopener noreferrer\"><img decoding=\"async\" class=\"size-medium wp-image-1105 aligncenter\" src=\"http:\/\/www.picuida.es\/ciudadania\/wp-content\/uploads\/2016\/11\/cpap-242x300.jpg\" alt=\"cpap\" width=\"242\" height=\"300\" srcset=\"https:\/\/www.picuida.es\/ciudadania\/wp-content\/uploads\/2016\/11\/cpap-242x300.jpg 242w, https:\/\/www.picuida.es\/ciudadania\/wp-content\/uploads\/2016\/11\/cpap.jpg 436w\" sizes=\"(max-width: 242px) 100vw, 242px\" \/><\/a><\/p>\n","protected":false},"excerpt":{"rendered":"<p>Durante el sue\u00f1o lo normal es que se respire de forma similar a cuando estamos despiertos, pero la respiraci\u00f3n pasa a ser totalmente autom\u00e1tica y [&hellip;]<\/p>\n","protected":false},"author":8,"featured_media":1105,"comment_status":"open","ping_status":"open","sticky":false,"template":"","format":"standard","meta":{"_jetpack_memberships_contains_paid_content":false,"footnotes":""},"categories":[10],"tags":[110,111,14],"class_list":["post-1100","post","type-post","status-publish","format-standard","has-post-thumbnail","hentry","category-conociendo-mi-enfermedad","tag-apnea-del-sueno","tag-cpap","tag-guias"],"jetpack_featured_media_url":"https:\/\/www.picuida.es\/ciudadania\/wp-content\/uploads\/2016\/11\/cpap.jpg","jetpack_sharing_enabled":true,"_links":{"self":[{"href":"https:\/\/www.picuida.es\/ciudadania\/wp-json\/wp\/v2\/posts\/1100","targetHints":{"allow":["GET"]}}],"collection":[{"href":"https:\/\/www.picuida.es\/ciudadania\/wp-json\/wp\/v2\/posts"}],"about":[{"href":"https:\/\/www.picuida.es\/ciudadania\/wp-json\/wp\/v2\/types\/post"}],"author":[{"embeddable":true,"href":"https:\/\/www.picuida.es\/ciudadania\/wp-json\/wp\/v2\/users\/8"}],"replies":[{"embeddable":true,"href":"https:\/\/www.picuida.es\/ciudadania\/wp-json\/wp\/v2\/comments?post=1100"}],"version-history":[{"count":2,"href":"https:\/\/www.picuida.es\/ciudadania\/wp-json\/wp\/v2\/posts\/1100\/revisions"}],"predecessor-version":[{"id":3317,"href":"https:\/\/www.picuida.es\/ciudadania\/wp-json\/wp\/v2\/posts\/1100\/revisions\/3317"}],"wp:featuredmedia":[{"embeddable":true,"href":"https:\/\/www.picuida.es\/ciudadania\/wp-json\/wp\/v2\/media\/1105"}],"wp:attachment":[{"href":"https:\/\/www.picuida.es\/ciudadania\/wp-json\/wp\/v2\/media?parent=1100"}],"wp:term":[{"taxonomy":"category","embeddable":true,"href":"https:\/\/www.picuida.es\/ciudadania\/wp-json\/wp\/v2\/categories?post=1100"},{"taxonomy":"post_tag","embeddable":true,"href":"https:\/\/www.picuida.es\/ciudadania\/wp-json\/wp\/v2\/tags?post=1100"}],"curies":[{"name":"wp","href":"https:\/\/api.w.org\/{rel}","templated":true}]}}