{"id":119,"date":"2016-05-17T22:24:34","date_gmt":"2016-05-17T22:24:34","guid":{"rendered":"http:\/\/www.picuida.es\/ciudadania\/?p=119"},"modified":"2016-05-17T22:25:31","modified_gmt":"2016-05-17T22:25:31","slug":"119","status":"publish","type":"post","link":"https:\/\/www.picuida.es\/ciudadania\/119\/","title":{"rendered":"Gu\u00eda de ayuda para personas con asma"},"content":{"rendered":"<p>Compartimos un\u00a0\u00a0<a href=\"http:\/\/www.juntadeandalucia.es\/salud\/export\/sites\/csalud\/galerias\/documentos\/c_6_c_7_guias_de_informacion_para_pacientes\/guia_asma_adultos.pdf\" target=\"_blank\" rel=\"noopener\">documento<\/a> que le ayudar\u00e1 a conocer mejor el asma y su tratamiento. Ha sido elaborado por profesionales de la salud y por personas expertas en comunicaci\u00f3n e informaci\u00f3n a pacientes. Para su redacci\u00f3n se han tenido en cuenta numerosos documentos informativos sobre asma elaborados en Espa\u00f1a y otros pa\u00edses. Incluye los consejos de distintas Sociedades Cient\u00edficas. Tambi\u00e9n han participado grupos de ciudadan\u00eda y de pacientes. No obstante, no sustituye a su m\u00e9dica o m\u00e9dico, quien le informar\u00e1 adecuadamente y aclarar\u00e1 sus dudas. El personal de enfermer\u00eda tambi\u00e9n le aconsejar\u00e1 sobre los cuidados que va a precisar.<\/p>\n<p><a href=\"http:\/\/www.juntadeandalucia.es\/salud\/export\/sites\/csalud\/galerias\/documentos\/c_6_c_7_guias_de_informacion_para_pacientes\/guia_asma_adultos.pdf\" target=\"_blank\" rel=\"noopener\"><img decoding=\"async\" class=\"alignnone size-medium wp-image-118 aligncenter\" src=\"http:\/\/www.picuida.es\/ciudadania\/wp-content\/uploads\/2016\/05\/guia-proceso-asma-214x300.jpg\" alt=\"Gu\u00eda de ayuda para personas con asma\" width=\"214\" height=\"300\" srcset=\"https:\/\/www.picuida.es\/ciudadania\/wp-content\/uploads\/2016\/05\/guia-proceso-asma-214x300.jpg 214w, https:\/\/www.picuida.es\/ciudadania\/wp-content\/uploads\/2016\/05\/guia-proceso-asma.jpg 420w\" sizes=\"(max-width: 214px) 100vw, 214px\" \/><\/a><\/p>\n","protected":false},"excerpt":{"rendered":"<p>Compartimos un\u00a0\u00a0documento que le ayudar\u00e1 a conocer mejor el asma y su tratamiento. Ha sido elaborado por profesionales de la salud y por personas expertas [&hellip;]<\/p>\n","protected":false},"author":8,"featured_media":118,"comment_status":"open","ping_status":"open","sticky":false,"template":"","format":"standard","meta":{"_jetpack_memberships_contains_paid_content":false,"footnotes":""},"categories":[10],"tags":[21,14],"class_list":["post-119","post","type-post","status-publish","format-standard","has-post-thumbnail","hentry","category-conociendo-mi-enfermedad","tag-asma","tag-guias"],"jetpack_featured_media_url":"https:\/\/www.picuida.es\/ciudadania\/wp-content\/uploads\/2016\/05\/guia-proceso-asma.jpg","jetpack_sharing_enabled":true,"_links":{"self":[{"href":"https:\/\/www.picuida.es\/ciudadania\/wp-json\/wp\/v2\/posts\/119","targetHints":{"allow":["GET"]}}],"collection":[{"href":"https:\/\/www.picuida.es\/ciudadania\/wp-json\/wp\/v2\/posts"}],"about":[{"href":"https:\/\/www.picuida.es\/ciudadania\/wp-json\/wp\/v2\/types\/post"}],"author":[{"embeddable":true,"href":"https:\/\/www.picuida.es\/ciudadania\/wp-json\/wp\/v2\/users\/8"}],"replies":[{"embeddable":true,"href":"https:\/\/www.picuida.es\/ciudadania\/wp-json\/wp\/v2\/comments?post=119"}],"version-history":[{"count":0,"href":"https:\/\/www.picuida.es\/ciudadania\/wp-json\/wp\/v2\/posts\/119\/revisions"}],"wp:featuredmedia":[{"embeddable":true,"href":"https:\/\/www.picuida.es\/ciudadania\/wp-json\/wp\/v2\/media\/118"}],"wp:attachment":[{"href":"https:\/\/www.picuida.es\/ciudadania\/wp-json\/wp\/v2\/media?parent=119"}],"wp:term":[{"taxonomy":"category","embeddable":true,"href":"https:\/\/www.picuida.es\/ciudadania\/wp-json\/wp\/v2\/categories?post=119"},{"taxonomy":"post_tag","embeddable":true,"href":"https:\/\/www.picuida.es\/ciudadania\/wp-json\/wp\/v2\/tags?post=119"}],"curies":[{"name":"wp","href":"https:\/\/api.w.org\/{rel}","templated":true}]}}