{"id":1432,"date":"2017-02-06T08:35:49","date_gmt":"2017-02-06T07:35:49","guid":{"rendered":"http:\/\/www.picuida.es\/ciudadania\/?p=1432"},"modified":"2017-02-06T08:35:49","modified_gmt":"2017-02-06T07:35:49","slug":"lo-mundo-saber-la-esclerosis-multiple","status":"publish","type":"post","link":"https:\/\/www.picuida.es\/ciudadania\/lo-mundo-saber-la-esclerosis-multiple\/","title":{"rendered":"Lo que todo el mundo debe de saber sobre la esclerosis m\u00faltiple"},"content":{"rendered":"<p style=\"text-align: justify;\">La <a href=\"http:\/\/esclerosismultiple.com\/ftp_publico\/EME_Infografia_09A.jpg\" target=\"_blank\" rel=\"noopener\">Esclerosis M\u00faltiple (EM)<\/a> es una enfermedad cr\u00f3nica del Sistema Nervioso Central. Est\u00e1 presente en todo el mundo y es una de las enfermedades neurol\u00f3gicas m\u00e1s comunes entre la poblaci\u00f3n de 20 a 30 a\u00f1os. Puede producir s\u00edntomas como fatiga, falta de equilibrio, dolor, alteraciones visuales y cognitivas, dificultades del habla, temblor, etc. La EM es una enfermedad caprichosa que puede variar mucho de una persona a otra y su evoluci\u00f3n no se puede pronosticar. No es contagiosa, ni hereditaria, ni mortal. Un 70% de las personas son mujeres, mientras que el 30% son hombres. Se calcula que en Espa\u00f1a hay 46.000 personas que la padecen. Hasta ahora, no se conoce su causa ni su cura.<\/p>\n<p style=\"text-align: justify;\"><a href=\"http:\/\/esclerosismultiple.com\/ftp_publico\/EME_Infografia_09A.jpg\" target=\"_blank\" rel=\"noopener\"><img decoding=\"async\" class=\"size-medium wp-image-1442 aligncenter\" src=\"http:\/\/www.picuida.es\/ciudadania\/wp-content\/uploads\/2017\/02\/em-300x211.jpg\" alt=\"\" width=\"300\" height=\"211\" srcset=\"https:\/\/www.picuida.es\/ciudadania\/wp-content\/uploads\/2017\/02\/em-300x211.jpg 300w, https:\/\/www.picuida.es\/ciudadania\/wp-content\/uploads\/2017\/02\/em.jpg 720w\" sizes=\"(max-width: 300px) 100vw, 300px\" \/><\/a><\/p>\n<p style=\"text-align: justify;\">Compartimos hoy algunos documentos publicados por la <a href=\"http:\/\/www.esclerosismultiple.com\" target=\"_blank\" rel=\"noopener\">Federaci\u00f3n Espa\u00f1ola para la lucha contra la Esclerosis M\u00faltiple<\/a> y que ser\u00e1n de mucha ayuda para comprender mejor esta enfermedad.<\/p>\n<p style=\"text-align: justify;\">En primer lugar en el comic \u201c<a href=\"http:\/\/www.esclerosismultiple.com\/pdfs\/comic.pdf\" target=\"_blank\" rel=\"noopener\">Lo que todo el mundo debe saber sobre la EM<\/a>\u201d,\u00a0a trav\u00e9s de una historia ilustrada, se explica en qu\u00e9 consiste la EM, sus s\u00edntomas, caracter\u00edsticas, tratamiento y afrontamiento de la enfermedad.<\/p>\n<p><a href=\"http:\/\/www.esclerosismultiple.com\/pdfs\/comic.pdf\" target=\"_blank\" rel=\"noopener\"><img decoding=\"async\" class=\"size-medium wp-image-1439 aligncenter\" src=\"http:\/\/www.picuida.es\/ciudadania\/wp-content\/uploads\/2017\/02\/todoem-300x286.jpg\" alt=\"\" width=\"300\" height=\"286\" srcset=\"https:\/\/www.picuida.es\/ciudadania\/wp-content\/uploads\/2017\/02\/todoem-300x286.jpg 300w, https:\/\/www.picuida.es\/ciudadania\/wp-content\/uploads\/2017\/02\/todoem.jpg 566w\" sizes=\"(max-width: 300px) 100vw, 300px\" \/><\/a><\/p>\n<p style=\"text-align: justify;\">Uno de los retos m\u00e1s importantes para los padres con EM es ayudar a sus hijos a entender la enfermedad y su car\u00e1cter variable e impredecible. \u201c<a href=\"http:\/\/www.esclerosismultiple.com\/documentos\/publicaciones\/cuentame[1].pdf\" target=\"_blank\" rel=\"noopener\">Cu\u00e9ntame cosas de la EM<\/a>\u201d les sugiere algunas pautas para manejar situaciones o emociones que pueden surgir.<\/p>\n<p><a href=\"http:\/\/www.esclerosismultiple.com\/documentos\/publicaciones\/cuentame[1].pdf\" target=\"_blank\" rel=\"noopener\"><img decoding=\"async\" class=\"size-medium wp-image-1437 aligncenter\" src=\"http:\/\/www.picuida.es\/ciudadania\/wp-content\/uploads\/2017\/02\/cuentameem-247x300.jpg\" alt=\"\" width=\"247\" height=\"300\" srcset=\"https:\/\/www.picuida.es\/ciudadania\/wp-content\/uploads\/2017\/02\/cuentameem-247x300.jpg 247w, https:\/\/www.picuida.es\/ciudadania\/wp-content\/uploads\/2017\/02\/cuentameem.jpg 444w\" sizes=\"(max-width: 247px) 100vw, 247px\" \/><\/a><\/p>\n<p style=\"text-align: justify;\">Con el tiempo, algunas personas con EM pueden necesitar cuidados. En esta \u00ab<a href=\"http:\/\/www.esclerosismultiple.com\/pdfs\/Comprender%20la%20EM\/GUIA%20PRACTICA%20PARA%20CUIDADORES.pdf\" target=\"_blank\" rel=\"noopener\">Gu\u00eda Pr\u00e1ctica para Cuidadores<\/a>\u00bb se dan algunos consejos pr\u00e1cticos a los\u00a0cuidadores de personas con EM, as\u00ed como pautas para controlar el estr\u00e9s y evitar el desgaste.\u00a0La EM es una enfermedad progresiva y cr\u00f3nica, lo que provoca que las personas que la padecen se conviertan en personas dependientes. En este texto se dan algunos interesantes consejos pr\u00e1cticos a los cuidadores de enfermos de EM. Se gu\u00eda sobre el grado de cuidado que requiere cada situaci\u00f3n y contiene diferentes posibilidades de adaptaci\u00f3n del hogar y de sus miembros en el caso de que alguien de la familia sufra EM . El texto presenta adem\u00e1s un cap\u00edtulo dedicado al control del estr\u00e9s y al desgaste emocional del cuidador para hacer m\u00e1s liviana la tarea.<\/p>\n<p style=\"text-align: justify;\"><a href=\"http:\/\/www.esclerosismultiple.com\/pdfs\/Comprender%20la%20EM\/GUIA%20PRACTICA%20PARA%20CUIDADORES.pdf\" target=\"_blank\" rel=\"noopener\"><img decoding=\"async\" class=\"size-medium wp-image-1440 aligncenter\" src=\"http:\/\/www.picuida.es\/ciudadania\/wp-content\/uploads\/2017\/02\/guiaem-228x300.jpg\" alt=\"\" width=\"228\" height=\"300\" srcset=\"https:\/\/www.picuida.es\/ciudadania\/wp-content\/uploads\/2017\/02\/guiaem-228x300.jpg 228w, https:\/\/www.picuida.es\/ciudadania\/wp-content\/uploads\/2017\/02\/guiaem.jpg 410w\" sizes=\"(max-width: 228px) 100vw, 228px\" \/><\/a><\/p>\n<p style=\"text-align: justify;\">\n","protected":false},"excerpt":{"rendered":"<p>La Esclerosis M\u00faltiple (EM) es una enfermedad cr\u00f3nica del Sistema Nervioso Central. Est\u00e1 presente en todo el mundo y es una de las enfermedades neurol\u00f3gicas [&hellip;]<\/p>\n","protected":false},"author":8,"featured_media":1442,"comment_status":"open","ping_status":"open","sticky":false,"template":"","format":"standard","meta":{"_jetpack_memberships_contains_paid_content":false,"footnotes":""},"categories":[10],"tags":[93],"class_list":["post-1432","post","type-post","status-publish","format-standard","has-post-thumbnail","hentry","category-conociendo-mi-enfermedad","tag-esclerosis-multiple"],"jetpack_featured_media_url":"https:\/\/www.picuida.es\/ciudadania\/wp-content\/uploads\/2017\/02\/em.jpg","jetpack_sharing_enabled":true,"_links":{"self":[{"href":"https:\/\/www.picuida.es\/ciudadania\/wp-json\/wp\/v2\/posts\/1432","targetHints":{"allow":["GET"]}}],"collection":[{"href":"https:\/\/www.picuida.es\/ciudadania\/wp-json\/wp\/v2\/posts"}],"about":[{"href":"https:\/\/www.picuida.es\/ciudadania\/wp-json\/wp\/v2\/types\/post"}],"author":[{"embeddable":true,"href":"https:\/\/www.picuida.es\/ciudadania\/wp-json\/wp\/v2\/users\/8"}],"replies":[{"embeddable":true,"href":"https:\/\/www.picuida.es\/ciudadania\/wp-json\/wp\/v2\/comments?post=1432"}],"version-history":[{"count":0,"href":"https:\/\/www.picuida.es\/ciudadania\/wp-json\/wp\/v2\/posts\/1432\/revisions"}],"wp:featuredmedia":[{"embeddable":true,"href":"https:\/\/www.picuida.es\/ciudadania\/wp-json\/wp\/v2\/media\/1442"}],"wp:attachment":[{"href":"https:\/\/www.picuida.es\/ciudadania\/wp-json\/wp\/v2\/media?parent=1432"}],"wp:term":[{"taxonomy":"category","embeddable":true,"href":"https:\/\/www.picuida.es\/ciudadania\/wp-json\/wp\/v2\/categories?post=1432"},{"taxonomy":"post_tag","embeddable":true,"href":"https:\/\/www.picuida.es\/ciudadania\/wp-json\/wp\/v2\/tags?post=1432"}],"curies":[{"name":"wp","href":"https:\/\/api.w.org\/{rel}","templated":true}]}}