{"id":1463,"date":"2017-03-20T21:16:30","date_gmt":"2017-03-20T20:16:30","guid":{"rendered":"http:\/\/www.picuida.es\/ciudadania\/?p=1463"},"modified":"2017-03-20T21:16:30","modified_gmt":"2017-03-20T20:16:30","slug":"preguntas-frecuentes-lactancia-materna","status":"publish","type":"post","link":"https:\/\/www.picuida.es\/ciudadania\/preguntas-frecuentes-lactancia-materna\/","title":{"rendered":"Preguntas frecuentes sobre lactancia materna"},"content":{"rendered":"<p style=\"text-align: justify;\">Mi hijo aumenta poco de peso, tengo poca leche,\u00a0\u00bfqu\u00e9 cantidad diaria de leche debe tomar el beb\u00e9?,\u00a0\u00bfhay que darle agua al beb\u00e9 que toma el pecho?, el llanto y el c\u00f3lico del lactante.., estas son seguro algunas de las preguntas que toda mujer que est\u00e1 dando el pecho.<\/p>\n<p style=\"text-align: justify;\">El Comit\u00e9 de Lactancia Materna es un grupo consultor y asesor de la Asociaci\u00f3n Espa\u00f1ola de Pediatr\u00eda cuyo objetivo fundamental es promocionar la lactancia materna difundiendo conocimientos actualizados sobre el tema. En su web <a href=\"http:\/\/www.aeped.es\/comite-lactancia-materna\/preguntas-frecuentes-sobre-lactancia-materna\" target=\"_blank\" rel=\"noopener\">responde a estas y otras preguntas <\/a>relacionadas con la lactancia materna. Ademas, complementa estas respuestas con recomendaciones muy \u00fatiles.<\/p>\n<p><a href=\"http:\/\/www.aeped.es\/comite-lactancia-materna\/preguntas-frecuentes-sobre-lactancia-materna\" target=\"_blank\" rel=\"noopener\"><img decoding=\"async\" class=\"size-full wp-image-1682 aligncenter\" src=\"http:\/\/www.picuida.es\/ciudadania\/wp-content\/uploads\/2017\/03\/lactancia.jpg\" alt=\"\" width=\"200\" height=\"275\" \/><\/a><\/p>\n<p style=\"text-align: justify;\">Muy recomendable es la secci\u00f3n sobre <a href=\"http:\/\/lactanciamaterna.aeped.es\/\" target=\"_blank\" rel=\"noopener\">Informaci\u00f3n y Recomendaciones sobre Lactancia Materna<\/a> de Asociaci\u00f3n Espa\u00f1ola de Pediatr\u00eda con excelente informaci\u00f3n sobre sus etapas, t\u00e9cnicas de la lactancia, recomendaciones, mitos, problemas frecuentes&#8230;<\/p>\n<p><a href=\"http:\/\/lactanciamaterna.aeped.es\/\" target=\"_blank\" rel=\"noopener\"><img decoding=\"async\" class=\"size-full wp-image-1683 aligncenter\" src=\"http:\/\/www.picuida.es\/ciudadania\/wp-content\/uploads\/2017\/03\/lactancia1.jpg\" alt=\"\" width=\"258\" height=\"50\" srcset=\"https:\/\/www.picuida.es\/ciudadania\/wp-content\/uploads\/2017\/03\/lactancia1-255x50.jpg 255w, https:\/\/www.picuida.es\/ciudadania\/wp-content\/uploads\/2017\/03\/lactancia1.jpg 258w\" sizes=\"(max-width: 258px) 100vw, 258px\" \/><\/a><\/p>\n<p style=\"text-align: justify;\">Adem\u00e1s est\u00e1 disponible una aplicaci\u00f3n m\u00f3vil\u00a0 con el fin de promocionar la lactancia materna difundiendo conocimientos actualizados sobre el tema. Se puede acceder a la aplicaci\u00f3n como padre, profesional o integrante de un grupo de apoyo. Encontraremos\u00a0informaci\u00f3n sobre lactancia materna de manera r\u00e1pida e intuitiva.<\/p>\n<p><a href=\"http:\/\/lactanciamaterna.aeped.es\/\" target=\"_blank\" rel=\"noopener\"><img decoding=\"async\" class=\"size-medium wp-image-1684 aligncenter\" src=\"http:\/\/www.picuida.es\/ciudadania\/wp-content\/uploads\/2017\/03\/logoapplactancia-300x242.jpg\" alt=\"\" width=\"300\" height=\"242\" srcset=\"https:\/\/www.picuida.es\/ciudadania\/wp-content\/uploads\/2017\/03\/logoapplactancia-300x242.jpg 300w, https:\/\/www.picuida.es\/ciudadania\/wp-content\/uploads\/2017\/03\/logoapplactancia.jpg 311w\" sizes=\"(max-width: 300px) 100vw, 300px\" \/><\/a><\/p>\n<p style=\"text-align: justify;\">La app permite crear un sencillo perfil para el\u00a0beb\u00e9 en el que se podr\u00e1n almacenar datos diarios de mucha utilidad que se podr\u00e1n consultar a posteriori en la secci\u00f3n de \u00abestad\u00edsticas\u00bb en formato de gr\u00e1fica.<\/p>\n<p><a href=\"http:\/\/lactanciamaterna.aeped.es\/\" target=\"_blank\" rel=\"noopener\"><img decoding=\"async\" class=\"size-medium wp-image-1680 aligncenter\" src=\"http:\/\/www.picuida.es\/ciudadania\/wp-content\/uploads\/2017\/03\/applactancia-180x300.jpg\" alt=\"\" width=\"180\" height=\"300\" srcset=\"https:\/\/www.picuida.es\/ciudadania\/wp-content\/uploads\/2017\/03\/applactancia-180x300.jpg 180w, https:\/\/www.picuida.es\/ciudadania\/wp-content\/uploads\/2017\/03\/applactancia.jpg 482w\" sizes=\"(max-width: 180px) 100vw, 180px\" \/><\/a><\/p>\n<p style=\"text-align: justify;\">Incluye servicio de notificaciones para mantener actualizado al usuario (padres, profesionales o grupos de apoyo) con las \u00faltimas novedades en el campo de la lactancia materna. En funci\u00f3n de su perfil recibir\u00e1 solo las noticias y notificaciones que sean de su inter\u00e9s.<\/p>\n","protected":false},"excerpt":{"rendered":"<p>Mi hijo aumenta poco de peso, tengo poca leche,\u00a0\u00bfqu\u00e9 cantidad diaria de leche debe tomar el beb\u00e9?,\u00a0\u00bfhay que darle agua al beb\u00e9 que toma el [&hellip;]<\/p>\n","protected":false},"author":8,"featured_media":1681,"comment_status":"open","ping_status":"open","sticky":false,"template":"","format":"standard","meta":{"_jetpack_memberships_contains_paid_content":false,"footnotes":""},"categories":[9],"tags":[154],"class_list":["post-1463","post","type-post","status-publish","format-standard","has-post-thumbnail","hentry","category-cuidando-mi-salud","tag-lactancia-materna"],"jetpack_featured_media_url":"https:\/\/www.picuida.es\/ciudadania\/wp-content\/uploads\/2017\/03\/header-tecnica.jpg","jetpack_sharing_enabled":true,"_links":{"self":[{"href":"https:\/\/www.picuida.es\/ciudadania\/wp-json\/wp\/v2\/posts\/1463","targetHints":{"allow":["GET"]}}],"collection":[{"href":"https:\/\/www.picuida.es\/ciudadania\/wp-json\/wp\/v2\/posts"}],"about":[{"href":"https:\/\/www.picuida.es\/ciudadania\/wp-json\/wp\/v2\/types\/post"}],"author":[{"embeddable":true,"href":"https:\/\/www.picuida.es\/ciudadania\/wp-json\/wp\/v2\/users\/8"}],"replies":[{"embeddable":true,"href":"https:\/\/www.picuida.es\/ciudadania\/wp-json\/wp\/v2\/comments?post=1463"}],"version-history":[{"count":0,"href":"https:\/\/www.picuida.es\/ciudadania\/wp-json\/wp\/v2\/posts\/1463\/revisions"}],"wp:featuredmedia":[{"embeddable":true,"href":"https:\/\/www.picuida.es\/ciudadania\/wp-json\/wp\/v2\/media\/1681"}],"wp:attachment":[{"href":"https:\/\/www.picuida.es\/ciudadania\/wp-json\/wp\/v2\/media?parent=1463"}],"wp:term":[{"taxonomy":"category","embeddable":true,"href":"https:\/\/www.picuida.es\/ciudadania\/wp-json\/wp\/v2\/categories?post=1463"},{"taxonomy":"post_tag","embeddable":true,"href":"https:\/\/www.picuida.es\/ciudadania\/wp-json\/wp\/v2\/tags?post=1463"}],"curies":[{"name":"wp","href":"https:\/\/api.w.org\/{rel}","templated":true}]}}