{"id":1847,"date":"2017-04-25T08:59:11","date_gmt":"2017-04-25T06:59:11","guid":{"rendered":"https:\/\/www.picuida.es\/ciudadania\/?p=1847"},"modified":"2017-04-25T09:03:41","modified_gmt":"2017-04-25T07:03:41","slug":"videochat-la-fibrosis-quistica","status":"publish","type":"post","link":"https:\/\/www.picuida.es\/ciudadania\/videochat-la-fibrosis-quistica\/","title":{"rendered":"Videochat sobre la fibrosis qu\u00edstica"},"content":{"rendered":"<p style=\"text-align: justify;\">Este jueves d\u00eda 27 de abril, a las 12 h, la<a href=\"http:\/\/www.escueladepacientes.es\/ui\/index.aspx\" target=\"_blank\" rel=\"noopener noreferrer\"> Escuela de Pacientes<\/a> celebra un videochat sobre la Fibrosis Qu\u00edstica.<\/p>\n<p style=\"text-align: justify;\">La Fibrosis Qu\u00edstica es una de las enfermedades cr\u00f3nicas hereditarias m\u00e1s frecuentes y graves. En Espa\u00f1a su\u00a0prevalencia se estima en un caso de cada 5.000 reci\u00e9n nacidos. Adem\u00e1s, se calcula que uno de cada 30 europeos son portadores del gen que la produce, aunque a\u00fan son pocas las personas que conocen la enfermedad.<\/p>\n<p style=\"text-align: justify;\">La enfermedad afecta a las zonas del cuerpo que producen secreciones, dando lugar a su espesamiento y provocando la obstrucci\u00f3n de los canales. Como consecuencia, se producen infecciones e inflamaciones que lesionan zonas del pulm\u00f3n, h\u00edgado, p\u00e1ncreas y sistema reproductor, principalmente.<\/p>\n<p style=\"text-align: justify;\"><img decoding=\"async\" class=\"size-full wp-image-1850 aligncenter\" src=\"https:\/\/www.picuida.es\/ciudadania\/wp-content\/uploads\/2017\/04\/fibrosis-q.jpg\" alt=\"\" width=\"200\" height=\"150\" \/><\/p>\n<p style=\"text-align: justify;\">Y para hablar de ello, estar\u00e1 presente\u00a0<a href=\"http:\/\/tomascastillo.com\/\" target=\"_blank\" rel=\"noopener noreferrer\">Tom\u00e1s Castillo Arenal<\/a>. En 1992\u00a0crea,\u00a0junto con otros familiares, la <a href=\"http:\/\/www.fqcantabria.org\/\" target=\"_blank\" rel=\"noopener noreferrer\">Asociaci\u00f3n C\u00e1ntabra de Fibrosis Qu\u00edstica<\/a>, incorpor\u00e1ndose en 1995 a la Junta Directiva de la <a href=\"http:\/\/www.fibrosisquistica.org\/index.php?pagina=saludo\" target=\"_blank\" rel=\"noopener noreferrer\">Federaci\u00f3n Espa\u00f1ola<\/a>, de la que\u00a0hasta abril de 2016 ha sido\u00a0su\u00a0presidente. Al constituirse en noviembre de 2015 asume la vicepresidencia de la Fundaci\u00f3n Espa\u00f1ola de Fibrosis Qu\u00edstica.\u00a0Desde mayo de 2010 forma parte de la Junta\u00a0Directiva de FEDER <a href=\"http:\/\/www.enfermedades-raras.org\/\" target=\"_blank\" rel=\"noopener noreferrer\">(Federaci\u00f3n Espa\u00f1ola de Enfermedades Raras)<\/a> ocupando el cargo de tesorero\u00a0entre\u00a02011 y 2015. Actualmente es vocal.<\/p>\n<p style=\"text-align: justify;\"><img decoding=\"async\" class=\"size-medium wp-image-1849 aligncenter\" src=\"https:\/\/www.picuida.es\/ciudadania\/wp-content\/uploads\/2017\/04\/TOMAS-Castillo-300x92.jpg\" alt=\"\" width=\"300\" height=\"92\" srcset=\"https:\/\/www.picuida.es\/ciudadania\/wp-content\/uploads\/2017\/04\/TOMAS-Castillo-300x92.jpg 300w, https:\/\/www.picuida.es\/ciudadania\/wp-content\/uploads\/2017\/04\/TOMAS-Castillo-768x235.jpg 768w, https:\/\/www.picuida.es\/ciudadania\/wp-content\/uploads\/2017\/04\/TOMAS-Castillo-1024x314.jpg 1024w, https:\/\/www.picuida.es\/ciudadania\/wp-content\/uploads\/2017\/04\/TOMAS-Castillo.jpg 1600w\" sizes=\"(max-width: 300px) 100vw, 300px\" \/><\/p>\n<p style=\"text-align: justify;\">Puedes tener m\u00e1s informaci\u00f3n en el <a href=\"http:\/\/elblogdelaescueladepacientes.blogspot.com.es\/2017\/04\/esta-semana-empieza-con-el-dia-nacional.html#comments\" target=\"_blank\" rel=\"noopener noreferrer\">Blog de la Escuela de Pacientes.<\/a><\/p>\n<p style=\"text-align: justify;\">\n","protected":false},"excerpt":{"rendered":"<p>Este jueves d\u00eda 27 de abril, a las 12 h, la Escuela de Pacientes celebra un videochat sobre la Fibrosis Qu\u00edstica. La Fibrosis Qu\u00edstica es [&hellip;]<\/p>\n","protected":false},"author":8,"featured_media":1849,"comment_status":"open","ping_status":"open","sticky":false,"template":"","format":"standard","meta":{"_jetpack_memberships_contains_paid_content":false,"footnotes":""},"categories":[17],"tags":[92],"class_list":["post-1847","post","type-post","status-publish","format-standard","has-post-thumbnail","hentry","category-noticias","tag-fibrosis-quistica"],"jetpack_featured_media_url":"https:\/\/www.picuida.es\/ciudadania\/wp-content\/uploads\/2017\/04\/TOMAS-Castillo.jpg","jetpack_sharing_enabled":true,"_links":{"self":[{"href":"https:\/\/www.picuida.es\/ciudadania\/wp-json\/wp\/v2\/posts\/1847","targetHints":{"allow":["GET"]}}],"collection":[{"href":"https:\/\/www.picuida.es\/ciudadania\/wp-json\/wp\/v2\/posts"}],"about":[{"href":"https:\/\/www.picuida.es\/ciudadania\/wp-json\/wp\/v2\/types\/post"}],"author":[{"embeddable":true,"href":"https:\/\/www.picuida.es\/ciudadania\/wp-json\/wp\/v2\/users\/8"}],"replies":[{"embeddable":true,"href":"https:\/\/www.picuida.es\/ciudadania\/wp-json\/wp\/v2\/comments?post=1847"}],"version-history":[{"count":0,"href":"https:\/\/www.picuida.es\/ciudadania\/wp-json\/wp\/v2\/posts\/1847\/revisions"}],"wp:featuredmedia":[{"embeddable":true,"href":"https:\/\/www.picuida.es\/ciudadania\/wp-json\/wp\/v2\/media\/1849"}],"wp:attachment":[{"href":"https:\/\/www.picuida.es\/ciudadania\/wp-json\/wp\/v2\/media?parent=1847"}],"wp:term":[{"taxonomy":"category","embeddable":true,"href":"https:\/\/www.picuida.es\/ciudadania\/wp-json\/wp\/v2\/categories?post=1847"},{"taxonomy":"post_tag","embeddable":true,"href":"https:\/\/www.picuida.es\/ciudadania\/wp-json\/wp\/v2\/tags?post=1847"}],"curies":[{"name":"wp","href":"https:\/\/api.w.org\/{rel}","templated":true}]}}