{"id":2011,"date":"2017-06-29T20:00:01","date_gmt":"2017-06-29T18:00:01","guid":{"rendered":"https:\/\/www.picuida.es\/ciudadania\/?p=2011"},"modified":"2017-06-29T14:43:10","modified_gmt":"2017-06-29T12:43:10","slug":"articulos-divulgacion-dirigidos-las-familias-temas-preventivos","status":"publish","type":"post","link":"https:\/\/www.picuida.es\/ciudadania\/articulos-divulgacion-dirigidos-las-familias-temas-preventivos\/","title":{"rendered":"Art\u00edculos de divulgaci\u00f3n dirigidos a las familias sobre temas preventivos"},"content":{"rendered":"<p style=\"text-align: justify;\"><a href=\"http:\/\/previnfad.aepap.org\/\" target=\"_blank\" rel=\"noopener\">Previnfad<\/a> es grupo de trabajo de la Asociaci\u00f3n Espa\u00f1ola de Pediatr\u00eda de Atenci\u00f3n Primaria y del Programa de Actividades Preventivas y de Promoci\u00f3n de la Salud de la Sociedad Espa\u00f1ola de Medicina Familiar y Comunitaria.<\/p>\n<p><a href=\"http:\/\/previnfad.aepap.org\/\" target=\"_blank\" rel=\"noopener\"><img decoding=\"async\" class=\"size-medium wp-image-2066 aligncenter\" src=\"https:\/\/www.picuida.es\/ciudadania\/wp-content\/uploads\/2017\/06\/preinfandlog-300x119.jpg\" alt=\"\" width=\"300\" height=\"119\" srcset=\"https:\/\/www.picuida.es\/ciudadania\/wp-content\/uploads\/2017\/06\/preinfandlog-300x119.jpg 300w, https:\/\/www.picuida.es\/ciudadania\/wp-content\/uploads\/2017\/06\/preinfandlog.jpg 744w\" sizes=\"(max-width: 300px) 100vw, 300px\" \/><\/a><\/p>\n<p style=\"text-align: justify;\">Su objetivo es generar y mantener actualizadas las recomendaciones sobre actividades preventivas a realizar en la poblaci\u00f3n infantil y adolescente espa\u00f1ola en el \u00e1mbito de la atenci\u00f3n primaria de la salud, bas\u00e1ndose en las evidencias cient\u00edficas, la morbilidad de nuestro pa\u00eds y los recursos disponibles.<\/p>\n<p style=\"text-align: justify;\">Accidentes dom\u00e9sticos, vacunas, salud bucodental, el tabaquismo&#8230;, estos y muchos m\u00e1s temas de gran inter\u00e9s los encontramos en Previndfad en su <a href=\"http:\/\/previnfad.aepap.org\/previnfamilia\" target=\"_blank\" rel=\"noopener\">secci\u00f3n de art\u00edculos de divulgaci\u00f3n para las familias.<\/a><\/p>\n<p><a href=\"http:\/\/previnfad.aepap.org\/previnfamilia\" target=\"_blank\" rel=\"noopener\"><img decoding=\"async\" class=\"size-medium wp-image-2065 aligncenter\" src=\"https:\/\/www.picuida.es\/ciudadania\/wp-content\/uploads\/2017\/06\/preinfand-300x257.jpg\" alt=\"\" width=\"300\" height=\"257\" srcset=\"https:\/\/www.picuida.es\/ciudadania\/wp-content\/uploads\/2017\/06\/preinfand-300x257.jpg 300w, https:\/\/www.picuida.es\/ciudadania\/wp-content\/uploads\/2017\/06\/preinfand.jpg 744w\" sizes=\"(max-width: 300px) 100vw, 300px\" \/><\/a><\/p>\n<p>&nbsp;<\/p>\n","protected":false},"excerpt":{"rendered":"<p>Previnfad es grupo de trabajo de la Asociaci\u00f3n Espa\u00f1ola de Pediatr\u00eda de Atenci\u00f3n Primaria y del Programa de Actividades Preventivas y de Promoci\u00f3n de la [&hellip;]<\/p>\n","protected":false},"author":8,"featured_media":2068,"comment_status":"open","ping_status":"open","sticky":false,"template":"","format":"standard","meta":{"_jetpack_memberships_contains_paid_content":false,"footnotes":""},"categories":[17],"tags":[],"class_list":["post-2011","post","type-post","status-publish","format-standard","has-post-thumbnail","hentry","category-noticias"],"jetpack_featured_media_url":"https:\/\/www.picuida.es\/ciudadania\/wp-content\/uploads\/2017\/06\/preinfandlogg.jpg","jetpack_sharing_enabled":true,"_links":{"self":[{"href":"https:\/\/www.picuida.es\/ciudadania\/wp-json\/wp\/v2\/posts\/2011","targetHints":{"allow":["GET"]}}],"collection":[{"href":"https:\/\/www.picuida.es\/ciudadania\/wp-json\/wp\/v2\/posts"}],"about":[{"href":"https:\/\/www.picuida.es\/ciudadania\/wp-json\/wp\/v2\/types\/post"}],"author":[{"embeddable":true,"href":"https:\/\/www.picuida.es\/ciudadania\/wp-json\/wp\/v2\/users\/8"}],"replies":[{"embeddable":true,"href":"https:\/\/www.picuida.es\/ciudadania\/wp-json\/wp\/v2\/comments?post=2011"}],"version-history":[{"count":0,"href":"https:\/\/www.picuida.es\/ciudadania\/wp-json\/wp\/v2\/posts\/2011\/revisions"}],"wp:featuredmedia":[{"embeddable":true,"href":"https:\/\/www.picuida.es\/ciudadania\/wp-json\/wp\/v2\/media\/2068"}],"wp:attachment":[{"href":"https:\/\/www.picuida.es\/ciudadania\/wp-json\/wp\/v2\/media?parent=2011"}],"wp:term":[{"taxonomy":"category","embeddable":true,"href":"https:\/\/www.picuida.es\/ciudadania\/wp-json\/wp\/v2\/categories?post=2011"},{"taxonomy":"post_tag","embeddable":true,"href":"https:\/\/www.picuida.es\/ciudadania\/wp-json\/wp\/v2\/tags?post=2011"}],"curies":[{"name":"wp","href":"https:\/\/api.w.org\/{rel}","templated":true}]}}