{"id":2021,"date":"2017-06-04T20:16:14","date_gmt":"2017-06-04T18:16:14","guid":{"rendered":"https:\/\/www.picuida.es\/ciudadania\/?p=2021"},"modified":"2017-06-04T20:25:33","modified_gmt":"2017-06-04T18:25:33","slug":"web-informacion-enfermedades-reumaticas","status":"publish","type":"post","link":"https:\/\/www.picuida.es\/ciudadania\/web-informacion-enfermedades-reumaticas\/","title":{"rendered":"Web con informaci\u00f3n sobre enfermedades reum\u00e1ticas"},"content":{"rendered":"<p style=\"text-align: justify;\">La <a href=\"http:\/\/www.ser.es\" target=\"_blank\" rel=\"noopener noreferrer\">Sociedad Espa\u00f1ola de Reumatolog\u00eda (SER)<\/a> con la <a href=\"http:\/\/www.ser.es\/fundacion-espanola-de-reumatologia-fer\/\" target=\"_blank\" rel=\"noopener noreferrer\">Fundaci\u00f3n Espa\u00f1ola de Reumatolog\u00eda (FER)<\/a> acaban de crear una <a href=\"https:\/\/inforeuma.com\" target=\"_blank\" rel=\"noopener noreferrer\">nueva web<\/a> donde encontrar buena y actualizada informaci\u00f3n\u00a0sobre enfermedades reum\u00e1ticas.<\/p>\n<p style=\"text-align: justify;\"><a href=\"https:\/\/inforeuma.com\" target=\"_blank\" rel=\"noopener noreferrer\"><img decoding=\"async\" class=\"size-medium wp-image-2024 aligncenter\" src=\"https:\/\/www.picuida.es\/ciudadania\/wp-content\/uploads\/2017\/06\/serweb-300x205.jpg\" alt=\"\" width=\"300\" height=\"205\" srcset=\"https:\/\/www.picuida.es\/ciudadania\/wp-content\/uploads\/2017\/06\/serweb-300x205.jpg 300w, https:\/\/www.picuida.es\/ciudadania\/wp-content\/uploads\/2017\/06\/serweb.jpg 720w\" sizes=\"(max-width: 300px) 100vw, 300px\" \/><\/a><\/p>\n<p style=\"text-align: justify;\">Las enfermedades reum\u00e1ticas son muy prevalentes entre la poblaci\u00f3n, estimando que afectan a 1 de cada 4 personas mayores de 20 a\u00f1os en nuestro pa\u00eds. En la\u00a0secci\u00f3n \u00abConoce tu enfermedad\u00bb, dispone de informaci\u00f3n acerca de las enfermedades reum\u00e1ticas m\u00e1s comunes, como la artritis reumatoide o la osteoporosis, y tambi\u00e9n algunas otras que, por la trascendencia de un diagn\u00f3stico precoz, un tratamiento eficaz o por los avances en investigaci\u00f3n, es importante rese\u00f1ar para una correcta informaci\u00f3n del paciente. Sus s\u00edntomas, diagn\u00f3stico, gu\u00edas informativas&#8230; Informaci\u00f3n muy \u00fatil para todos.<\/p>\n","protected":false},"excerpt":{"rendered":"<p>La Sociedad Espa\u00f1ola de Reumatolog\u00eda (SER) con la Fundaci\u00f3n Espa\u00f1ola de Reumatolog\u00eda (FER) acaban de crear una nueva web donde encontrar buena y actualizada informaci\u00f3n\u00a0sobre [&hellip;]<\/p>\n","protected":false},"author":8,"featured_media":2023,"comment_status":"open","ping_status":"open","sticky":false,"template":"","format":"standard","meta":{"_jetpack_memberships_contains_paid_content":false,"footnotes":""},"categories":[17,10],"tags":[153,42],"class_list":["post-2021","post","type-post","status-publish","format-standard","has-post-thumbnail","hentry","category-noticias","category-conociendo-mi-enfermedad","tag-enfermedades-reumaticas","tag-webs"],"jetpack_featured_media_url":"https:\/\/www.picuida.es\/ciudadania\/wp-content\/uploads\/2017\/06\/serweb1.jpg","jetpack_sharing_enabled":true,"_links":{"self":[{"href":"https:\/\/www.picuida.es\/ciudadania\/wp-json\/wp\/v2\/posts\/2021","targetHints":{"allow":["GET"]}}],"collection":[{"href":"https:\/\/www.picuida.es\/ciudadania\/wp-json\/wp\/v2\/posts"}],"about":[{"href":"https:\/\/www.picuida.es\/ciudadania\/wp-json\/wp\/v2\/types\/post"}],"author":[{"embeddable":true,"href":"https:\/\/www.picuida.es\/ciudadania\/wp-json\/wp\/v2\/users\/8"}],"replies":[{"embeddable":true,"href":"https:\/\/www.picuida.es\/ciudadania\/wp-json\/wp\/v2\/comments?post=2021"}],"version-history":[{"count":0,"href":"https:\/\/www.picuida.es\/ciudadania\/wp-json\/wp\/v2\/posts\/2021\/revisions"}],"wp:featuredmedia":[{"embeddable":true,"href":"https:\/\/www.picuida.es\/ciudadania\/wp-json\/wp\/v2\/media\/2023"}],"wp:attachment":[{"href":"https:\/\/www.picuida.es\/ciudadania\/wp-json\/wp\/v2\/media?parent=2021"}],"wp:term":[{"taxonomy":"category","embeddable":true,"href":"https:\/\/www.picuida.es\/ciudadania\/wp-json\/wp\/v2\/categories?post=2021"},{"taxonomy":"post_tag","embeddable":true,"href":"https:\/\/www.picuida.es\/ciudadania\/wp-json\/wp\/v2\/tags?post=2021"}],"curies":[{"name":"wp","href":"https:\/\/api.w.org\/{rel}","templated":true}]}}