{"id":2059,"date":"2017-06-28T10:10:48","date_gmt":"2017-06-28T08:10:48","guid":{"rendered":"https:\/\/www.picuida.es\/ciudadania\/?p=2059"},"modified":"2019-07-11T14:56:27","modified_gmt":"2019-07-11T12:56:27","slug":"protegete-del-sol-sentido-comun","status":"publish","type":"post","link":"https:\/\/www.picuida.es\/ciudadania\/protegete-del-sol-sentido-comun\/","title":{"rendered":"Prot\u00e9gete del sol con sentido com\u00fan"},"content":{"rendered":"<p style=\"text-align: justify;\">Ya ha comenzado el verano, las vacaciones y comienzan las exposiciones directas al sol. Durante la \u00e9poca estival, la superficie de nuestro cuerpo expuesta a los rayos solares es mayor y debemos protegernos de las radiaciones ultravioleta.<\/p>\n<p style=\"text-align: justify;\">La exposici\u00f3n inadecuada al sol puede causar alteraciones en la piel y ocasionar graves enfermedades. Por eso es tan importante protegerse de las radiaciones solares.<\/p>\n<p style=\"text-align: justify;\">Para prevenir este efecto da\u00f1ino del sol sobre nuestro organismo, deben establecerse conductas y medidas (h\u00e1bitos) de fotoprotecci\u00f3n que prevengan la exposici\u00f3n excesiva a las radiaciones solares. Estas precauciones han ser puestas en pr\u00e1ctica, no s\u00f3lo en playas, piscinas y estaciones de monta\u00f1a, sino tambi\u00e9n siempre que se practiquen deportes al aire libre o se acuda a espect\u00e1culos u otras actividades que se lleven a cabo en espacios abiertos. Conviene ser previsor y pecar por exceso, no por defecto.<\/p>\n<p style=\"text-align: justify;\">Debemos tener consciencia sobre la protecci\u00f3n de nuestra piel y olvidarnos de los falsos mitos que circulan. Uno de ellos es que al tener la piel bronceada, las radiaciones no afectan de igual modo.<\/p>\n<p style=\"text-align: justify;\">Otro aspecto a tener en cuenta es que los d\u00edas nublados en los que la sensaci\u00f3n de calor que sentimos puede ser menor, los rayos solares se filtran tambi\u00e9n a trav\u00e9s de las nubes.<\/p>\n<p style=\"text-align: justify;\">El uso de protectores solares es imprescindible. Conocer sus diferentes tipos, sus caracter\u00edsticas, su uso correcto e incorrecto, es esencial. En el blog de <a href=\"https:\/\/medicadoo.es\/tag\/proteccion-solar\/\" target=\"_blank\" rel=\"noopener noreferrer\">Medicadoo<\/a> encontramos informaci\u00f3n que nos resolver\u00e1 buena parte de nuestras dudas sobre la correcta elecci\u00f3n del protector solar.<\/p>\n<p><a href=\"https:\/\/medicadoo.es\/tag\/proteccion-solar\/\" target=\"_blank\" rel=\"noopener noreferrer\"><img decoding=\"async\" class=\"aligncenter wp-image-2062 \" src=\"https:\/\/www.picuida.es\/ciudadania\/wp-content\/uploads\/2017\/06\/fps.jpg\" alt=\"\" width=\"643\" height=\"315\" srcset=\"https:\/\/www.picuida.es\/ciudadania\/wp-content\/uploads\/2017\/06\/fps-300x147.jpg 300w, https:\/\/www.picuida.es\/ciudadania\/wp-content\/uploads\/2017\/06\/fps-768x376.jpg 768w, https:\/\/www.picuida.es\/ciudadania\/wp-content\/uploads\/2017\/06\/fps-1024x502.jpg 1024w, https:\/\/www.picuida.es\/ciudadania\/wp-content\/uploads\/2017\/06\/fps.jpg 1114w\" sizes=\"(max-width: 643px) 100vw, 643px\" \/><\/a><\/p>\n<p>&nbsp;<\/p>\n","protected":false},"excerpt":{"rendered":"<p>Ya ha comenzado el verano, las vacaciones y comienzan las exposiciones directas al sol. Durante la \u00e9poca estival, la superficie de nuestro cuerpo expuesta a [&hellip;]<\/p>\n","protected":false},"author":8,"featured_media":2061,"comment_status":"open","ping_status":"open","sticky":false,"template":"","format":"standard","meta":{"_jetpack_memberships_contains_paid_content":false,"footnotes":""},"categories":[9],"tags":[171,170],"class_list":["post-2059","post","type-post","status-publish","format-standard","has-post-thumbnail","hentry","category-cuidando-mi-salud","tag-cuidados-de-la-piel","tag-cuidados-frente-al-calor"],"jetpack_featured_media_url":"https:\/\/www.picuida.es\/ciudadania\/wp-content\/uploads\/2017\/06\/sol.jpg","jetpack_sharing_enabled":true,"_links":{"self":[{"href":"https:\/\/www.picuida.es\/ciudadania\/wp-json\/wp\/v2\/posts\/2059","targetHints":{"allow":["GET"]}}],"collection":[{"href":"https:\/\/www.picuida.es\/ciudadania\/wp-json\/wp\/v2\/posts"}],"about":[{"href":"https:\/\/www.picuida.es\/ciudadania\/wp-json\/wp\/v2\/types\/post"}],"author":[{"embeddable":true,"href":"https:\/\/www.picuida.es\/ciudadania\/wp-json\/wp\/v2\/users\/8"}],"replies":[{"embeddable":true,"href":"https:\/\/www.picuida.es\/ciudadania\/wp-json\/wp\/v2\/comments?post=2059"}],"version-history":[{"count":2,"href":"https:\/\/www.picuida.es\/ciudadania\/wp-json\/wp\/v2\/posts\/2059\/revisions"}],"predecessor-version":[{"id":3318,"href":"https:\/\/www.picuida.es\/ciudadania\/wp-json\/wp\/v2\/posts\/2059\/revisions\/3318"}],"wp:featuredmedia":[{"embeddable":true,"href":"https:\/\/www.picuida.es\/ciudadania\/wp-json\/wp\/v2\/media\/2061"}],"wp:attachment":[{"href":"https:\/\/www.picuida.es\/ciudadania\/wp-json\/wp\/v2\/media?parent=2059"}],"wp:term":[{"taxonomy":"category","embeddable":true,"href":"https:\/\/www.picuida.es\/ciudadania\/wp-json\/wp\/v2\/categories?post=2059"},{"taxonomy":"post_tag","embeddable":true,"href":"https:\/\/www.picuida.es\/ciudadania\/wp-json\/wp\/v2\/tags?post=2059"}],"curies":[{"name":"wp","href":"https:\/\/api.w.org\/{rel}","templated":true}]}}