{"id":2138,"date":"2017-07-19T09:39:11","date_gmt":"2017-07-19T07:39:11","guid":{"rendered":"https:\/\/www.picuida.es\/ciudadania\/?p=2138"},"modified":"2017-07-20T08:39:32","modified_gmt":"2017-07-20T06:39:32","slug":"consejos-combatir-estrenimiento","status":"publish","type":"post","link":"https:\/\/www.picuida.es\/ciudadania\/consejos-combatir-estrenimiento\/","title":{"rendered":"Consejos para combatir el estre\u00f1imiento"},"content":{"rendered":"<div class=\"page\" title=\"Page 3\">\n<div class=\"section\">\n<div class=\"layoutArea\">\n<div class=\"column\">\n<div class=\"page\" title=\"Page 4\">\n<div class=\"section\">\n<div class=\"layoutArea\">\n<div class=\"column\">\n<p style=\"text-align: justify;\">El estre\u00f1imiento es un s\u00edntoma, no una enfermedad y es una de las causas m\u00e1s comunes de consulta en Atenci\u00f3n Primaria y Hospitalaria.\u00a0Hablamos de estre\u00f1imiento cuando hay menos de tres deposiciones semanales, siendo las heces escasas, duras y secas y habitualmente est\u00e1 asociada a una falta de deseo o necesidad de defecar.<\/p>\n<p style=\"text-align: justify;\">Afecta al 12-20% de la poblaci\u00f3n espa\u00f1ola, m\u00e1s en la ciudad que en el campo. Es el doble de frecuente en mujeres y el triple en personas mayores de 65 a\u00f1os frente a j\u00f3venes.<\/p>\n<p style=\"text-align: justify;\">Reprimir el deseo consciente de la defecaci\u00f3n de forma frecuente o continua acaba por causar estre\u00f1imiento cr\u00f3nico. Tambi\u00e9n lo favorecen: una dieta inadecuada, la falta de ejercicio f\u00edsico a diario, la obesidad y la toma cr\u00f3nica de ciertos f\u00e1rmacos, que enlentecen el tr\u00e1nsito intestinal.<\/p>\n<p style=\"text-align: justify;\">El no desarrollar en la infancia el aprendizaje de los pasos y mecanismos de la fase voluntaria de la defecaci\u00f3n favorece el estre\u00f1imiento en el adolescente y el adulto.<\/p>\n<p style=\"text-align: justify;\">El 50% de los pacientes acuden a los centros sanitarios por estre\u00f1imiento cuando \u00e9ste ya dura\u00a0m\u00e1s de seis meses. Hay dos circunstancias que hacen acudir al m\u00e9dico: si es reciente y hay dolor de vientre, adelgazamiento o sangrado con las heces; y si es cr\u00f3nico y el paciente ve afectada su calidad de vida.<\/p>\n<div class=\"page\" title=\"Page 2\">\n<div class=\"section\">\n<div class=\"layoutArea\">\n<div class=\"column\">\n<p style=\"text-align: justify;\">La <a href=\"https:\/\/www.saludigestivo.es\" target=\"_blank\" rel=\"noopener\">Fundaci\u00f3n Espa\u00f1ola del Aparato Digestivo <\/a>publica una <a href=\"https:\/\/www.saludigestivo.es\/wp-content\/uploads\/2016\/03\/guia-estrenimiento-para-web-20120425180854.pdf\" target=\"_blank\" rel=\"noopener\">gu\u00eda<\/a> avalada por la <a href=\"https:\/\/www.sepd.es\/index.php\" target=\"_blank\" rel=\"noopener\">Sociedad Espa\u00f1ola de Patolog\u00eda Digestiva<\/a>, dirigida a la poblaci\u00f3n general\u00a0y los pacientes, sobre c\u00f3mo prevenir y tratar el estre\u00f1imiento.<\/p>\n<p><a href=\"https:\/\/www.saludigestivo.es\/wp-content\/uploads\/2016\/03\/guia-estrenimiento-para-web-20120425180854.pdf\" target=\"_blank\" rel=\"noopener\"><img decoding=\"async\" class=\"size-medium wp-image-2143 aligncenter\" src=\"https:\/\/www.picuida.es\/ciudadania\/wp-content\/uploads\/2017\/07\/estre\u00f1imiento-300x240.jpg\" alt=\"\" width=\"300\" height=\"240\" srcset=\"https:\/\/www.picuida.es\/ciudadania\/wp-content\/uploads\/2017\/07\/estre\u00f1imiento-300x240.jpg 300w, https:\/\/www.picuida.es\/ciudadania\/wp-content\/uploads\/2017\/07\/estre\u00f1imiento.jpg 674w\" sizes=\"(max-width: 300px) 100vw, 300px\" \/><\/a><\/p>\n<p style=\"text-align: justify;\">\u00a1Cu\u00e1les son los factores de riesgo?, \u00a0\u00bfqu\u00e9 causas producen estre\u00f1imiento?, \u00bfc\u00f3mo prevenir el estre\u00f1imiento habitual?, recomendaciones higi\u00e9nico-diet\u00e9ticas&#8230;, son algunas de los temas que podemos encontrar en esta gu\u00eda. Sin duda, una gran ayuda para combatir el estre\u00f1imiento.<\/p>\n<p>&nbsp;<\/p>\n<\/div>\n<\/div>\n<\/div>\n<\/div>\n<\/div>\n<\/div>\n<\/div>\n<\/div>\n<\/div>\n<\/div>\n<\/div>\n<\/div>\n","protected":false},"excerpt":{"rendered":"<p>El estre\u00f1imiento es un s\u00edntoma, no una enfermedad y es una de las causas m\u00e1s comunes de consulta en Atenci\u00f3n Primaria y Hospitalaria.\u00a0Hablamos de estre\u00f1imiento [&hellip;]<\/p>\n","protected":false},"author":8,"featured_media":2142,"comment_status":"open","ping_status":"open","sticky":false,"template":"","format":"standard","meta":{"_jetpack_memberships_contains_paid_content":false,"footnotes":""},"categories":[11,9],"tags":[38,176],"class_list":["post-2138","post","type-post","status-publish","format-standard","has-post-thumbnail","hentry","category-que-hago-si","category-cuidando-mi-salud","tag-consejos-de-salud","tag-estrenimiento"],"jetpack_featured_media_url":"https:\/\/www.picuida.es\/ciudadania\/wp-content\/uploads\/2017\/07\/estre\u00f1imiento1.jpg","jetpack_sharing_enabled":true,"_links":{"self":[{"href":"https:\/\/www.picuida.es\/ciudadania\/wp-json\/wp\/v2\/posts\/2138","targetHints":{"allow":["GET"]}}],"collection":[{"href":"https:\/\/www.picuida.es\/ciudadania\/wp-json\/wp\/v2\/posts"}],"about":[{"href":"https:\/\/www.picuida.es\/ciudadania\/wp-json\/wp\/v2\/types\/post"}],"author":[{"embeddable":true,"href":"https:\/\/www.picuida.es\/ciudadania\/wp-json\/wp\/v2\/users\/8"}],"replies":[{"embeddable":true,"href":"https:\/\/www.picuida.es\/ciudadania\/wp-json\/wp\/v2\/comments?post=2138"}],"version-history":[{"count":0,"href":"https:\/\/www.picuida.es\/ciudadania\/wp-json\/wp\/v2\/posts\/2138\/revisions"}],"wp:featuredmedia":[{"embeddable":true,"href":"https:\/\/www.picuida.es\/ciudadania\/wp-json\/wp\/v2\/media\/2142"}],"wp:attachment":[{"href":"https:\/\/www.picuida.es\/ciudadania\/wp-json\/wp\/v2\/media?parent=2138"}],"wp:term":[{"taxonomy":"category","embeddable":true,"href":"https:\/\/www.picuida.es\/ciudadania\/wp-json\/wp\/v2\/categories?post=2138"},{"taxonomy":"post_tag","embeddable":true,"href":"https:\/\/www.picuida.es\/ciudadania\/wp-json\/wp\/v2\/tags?post=2138"}],"curies":[{"name":"wp","href":"https:\/\/api.w.org\/{rel}","templated":true}]}}