{"id":2387,"date":"2017-11-06T11:22:39","date_gmt":"2017-11-06T10:22:39","guid":{"rendered":"https:\/\/www.picuida.es\/ciudadania\/?p=2387"},"modified":"2017-12-03T19:12:15","modified_gmt":"2017-12-03T18:12:15","slug":"tomate-en-serio-los-antibioticos","status":"publish","type":"post","link":"https:\/\/www.picuida.es\/ciudadania\/tomate-en-serio-los-antibioticos\/","title":{"rendered":"T\u00f3mate en serio los antibi\u00f3ticos"},"content":{"rendered":"<p style=\"text-align: justify;\">La campa\u00f1a <a href=\"https:\/\/www.youtube.com\/watch?v=wOL9ploYPT8\" target=\"_blank\" rel=\"noopener\">\u201c<span class=\"italica\">Antibi\u00f3ticos: t\u00f3matelos en serio<\/span>\u201d<\/a> ha sido desarrollada como parte de las acciones del Plan Nacional frente a la Resistencia a los Antibi\u00f3ticos (PRAN), promovido por el\u00a0<a title=\"Se abre en una ventana nueva. https:\/\/www.msssi.gob.es\/\" href=\"https:\/\/www.msssi.gob.es\/\" target=\"_blank\" rel=\"noopener\">Ministerio de Sanidad<\/a>\u00a0y coordinado por la Agencia Espa\u00f1ola de Medicamentos y Productos Sanitarios (AEMPS), con el objetivo de concienciar a los ciudadanos sobre los riesgos asociados al uso imprudente de los <a href=\"https:\/\/www.picuida.es\/ciudadania\/antibioticos-usalos-bien-saldremos-ganando\/\" target=\"_blank\" rel=\"noopener\">antibi\u00f3ticos<\/a>.<\/p>\n<p style=\"text-align: justify;\">El mensaje principal de esta campa\u00f1a se centra en el peligro que representa para la salud de todos el autoconsumo de <a href=\"https:\/\/www.picuida.es\/ciudadania\/antibioticos-usalos-bien-saldremos-ganando\/\" target=\"_blank\" rel=\"noopener\">antibi\u00f3ticos<\/a>, un comportamiento que contribuye al desarrollo de bacterias resistentes y compromete gravemente la eficacia de los antibi\u00f3ticos en el tratamiento de las infecciones de origen bacteriano.<\/p>\n<p style=\"text-align: justify;\">La resistencia a los antibi\u00f3ticos es la capacidad de las bacterias de combatir la acci\u00f3n de uno o varios antibi\u00f3ticos. Las bacterias se han vuelto resistentes como consecuencia del uso inadecuado o incorrecto de los antibi\u00f3ticos, que incluye comportamientos como el autoconsumo de estos medicamentos sin la receta de un m\u00e9dico o la utilizaci\u00f3n de antibi\u00f3ticos sobrantes para tratar infecciones por virus como la gripe o el resfriado.<\/p>\n<p><a href=\"https:\/\/www.youtube.com\/watch?v=wOL9ploYPT8\" target=\"_blank\" rel=\"noopener\"><img decoding=\"async\" class=\"wp-image-2389 aligncenter\" src=\"https:\/\/www.picuida.es\/ciudadania\/wp-content\/uploads\/2017\/11\/ab1-300x128.jpg\" alt=\"\" width=\"351\" height=\"150\" srcset=\"https:\/\/www.picuida.es\/ciudadania\/wp-content\/uploads\/2017\/11\/ab1-300x128.jpg 300w, https:\/\/www.picuida.es\/ciudadania\/wp-content\/uploads\/2017\/11\/ab1.jpg 720w\" sizes=\"(max-width: 351px) 100vw, 351px\" \/><\/a><\/p>\n<p style=\"text-align: justify;\">Recuerda que usarlos incorrectamente representa un riesgo para la salud de todos ya que\u00a0las bacterias pueden volverse resistentes a futuros tratamientos. Solamente hay que tomarlos\u00a0cuando te los recete el m\u00e9dico y siempre siguiendo sus recomendaciones de c\u00f3mo y\u00a0durante cu\u00e1nto tiempo usarlos.<\/p>\n<p style=\"text-align: justify;\">Y muy importante, los antibi\u00f3ticos s\u00f3lo son eficaces para combatir infecciones bacterianas. No sirven para tratar resfriados o gripes. No son analg\u00e9sicos y no alivian el dolor ni la fiebre.<\/p>\n<p>Compartimos el dec\u00e1logo del buen uso de los antibi\u00f3ticos de la Asociaci\u00f3n Espa\u00f1ola de Pediatr\u00eda.<\/p>\n<p><a href=\"http:\/\/www.familiaysalud.es\/sites\/default\/files\/8_decalogo_de_antibioticos_espanol_0.pdf\" target=\"_blank\" rel=\"noopener\"><img decoding=\"async\" class=\"size-medium wp-image-2392 aligncenter\" src=\"https:\/\/www.picuida.es\/ciudadania\/wp-content\/uploads\/2017\/11\/abped-212x300.jpg\" alt=\"\" width=\"212\" height=\"300\" srcset=\"https:\/\/www.picuida.es\/ciudadania\/wp-content\/uploads\/2017\/11\/abped-212x300.jpg 212w, https:\/\/www.picuida.es\/ciudadania\/wp-content\/uploads\/2017\/11\/abped.jpg 382w\" sizes=\"(max-width: 212px) 100vw, 212px\" \/><\/a><\/p>\n<p>&nbsp;<\/p>\n<p>&nbsp;<\/p>\n","protected":false},"excerpt":{"rendered":"<p>La campa\u00f1a \u201cAntibi\u00f3ticos: t\u00f3matelos en serio\u201d ha sido desarrollada como parte de las acciones del Plan Nacional frente a la Resistencia a los Antibi\u00f3ticos (PRAN), [&hellip;]<\/p>\n","protected":false},"author":8,"featured_media":2390,"comment_status":"open","ping_status":"open","sticky":false,"template":"","format":"standard","meta":{"_jetpack_memberships_contains_paid_content":false,"footnotes":""},"categories":[9],"tags":[190,188,126,34],"class_list":["post-2387","post","type-post","status-publish","format-standard","has-post-thumbnail","hentry","category-cuidando-mi-salud","tag-antibioticos","tag-se-acerca-el-invierno","tag-gripe","tag-medicamentos"],"jetpack_featured_media_url":"https:\/\/www.picuida.es\/ciudadania\/wp-content\/uploads\/2017\/11\/ab.jpg","jetpack_sharing_enabled":true,"_links":{"self":[{"href":"https:\/\/www.picuida.es\/ciudadania\/wp-json\/wp\/v2\/posts\/2387","targetHints":{"allow":["GET"]}}],"collection":[{"href":"https:\/\/www.picuida.es\/ciudadania\/wp-json\/wp\/v2\/posts"}],"about":[{"href":"https:\/\/www.picuida.es\/ciudadania\/wp-json\/wp\/v2\/types\/post"}],"author":[{"embeddable":true,"href":"https:\/\/www.picuida.es\/ciudadania\/wp-json\/wp\/v2\/users\/8"}],"replies":[{"embeddable":true,"href":"https:\/\/www.picuida.es\/ciudadania\/wp-json\/wp\/v2\/comments?post=2387"}],"version-history":[{"count":0,"href":"https:\/\/www.picuida.es\/ciudadania\/wp-json\/wp\/v2\/posts\/2387\/revisions"}],"wp:featuredmedia":[{"embeddable":true,"href":"https:\/\/www.picuida.es\/ciudadania\/wp-json\/wp\/v2\/media\/2390"}],"wp:attachment":[{"href":"https:\/\/www.picuida.es\/ciudadania\/wp-json\/wp\/v2\/media?parent=2387"}],"wp:term":[{"taxonomy":"category","embeddable":true,"href":"https:\/\/www.picuida.es\/ciudadania\/wp-json\/wp\/v2\/categories?post=2387"},{"taxonomy":"post_tag","embeddable":true,"href":"https:\/\/www.picuida.es\/ciudadania\/wp-json\/wp\/v2\/tags?post=2387"}],"curies":[{"name":"wp","href":"https:\/\/api.w.org\/{rel}","templated":true}]}}