{"id":2397,"date":"2017-11-27T09:00:25","date_gmt":"2017-11-27T08:00:25","guid":{"rendered":"https:\/\/www.picuida.es\/ciudadania\/?p=2397"},"modified":"2020-03-10T11:30:04","modified_gmt":"2020-03-10T10:30:04","slug":"guia-practica-madres-padres-desde-nacimiento-los-3-anos","status":"publish","type":"post","link":"https:\/\/www.picuida.es\/ciudadania\/guia-practica-madres-padres-desde-nacimiento-los-3-anos\/","title":{"rendered":"Gu\u00eda pr\u00e1ctica para madres y padres desde el nacimiento hasta los 3 a\u00f1os"},"content":{"rendered":"<p style=\"text-align: justify;\">La <a href=\"http:\/\/www.aeped.es\/\" target=\"_blank\" rel=\"noopener noreferrer\">Asociaci\u00f3n Espa\u00f1ola de Pediatr\u00eda<\/a> ha elaborado este <a href=\"http:\/\/enfamilia.aeped.es\/sites\/enfamilia.aeped.es\/files\/guia_practica_padres_aep_1.pdf\" target=\"_blank\" rel=\"noopener noreferrer\">Manual<\/a> con el objetivo de asesorar a las familias con informaci\u00f3n \u00fatil y completa respecto al embarazo, parto y primeros a\u00f1os de vida del beb\u00e9.<\/p>\n<p><a href=\"http:\/\/enfamilia.aeped.es\/sites\/enfamilia.aeped.es\/files\/guia_practica_padres_aep_1.pdf\" target=\"_blank\" rel=\"noopener\"><img decoding=\"async\" class=\"aligncenter wp-image-2570\" src=\"https:\/\/www.picuida.es\/ciudadania\/wp-content\/uploads\/2017\/11\/guiaped3.jpg\" alt=\"\" width=\"360\" height=\"453\" srcset=\"https:\/\/www.picuida.es\/ciudadania\/wp-content\/uploads\/2017\/11\/guiaped3-239x300.jpg 239w, https:\/\/www.picuida.es\/ciudadania\/wp-content\/uploads\/2017\/11\/guiaped3.jpg 698w\" sizes=\"(max-width: 360px) 100vw, 360px\" \/><\/a><\/p>\n<p style=\"text-align: justify;\">En la redacci\u00f3n del <a href=\"http:\/\/enfamilia.aeped.es\/sites\/enfamilia.aeped.es\/files\/guia_practica_padres_aep_1.pdf\" target=\"_blank\" rel=\"noopener noreferrer\">Manual<\/a> han participado m\u00e1s de una veintena de pediatras y ha sido concebido como un libro de consulta donde las madres y padres y cuidadores podr\u00e1n acceder f\u00e1cilmente temas como las \u00faltimas semanas del embarazo y las primeras etapas de vida, las vacunas, lactancia, el sue\u00f1o, el desarrollo f\u00edsico, la prevenci\u00f3n de accidentes infantiles, la atenci\u00f3n a procesos habituales&#8230;.<\/p>\n<p style=\"text-align: justify;\">Informaci\u00f3n rigurosa y concisa sobre aspectos relacionados con el desarrollo normal del beb\u00e9 y los signos de alerta de los problemas de salud m\u00e1s frecuentes en las primeras etapas de la vida.<\/p>\n<p>&nbsp;<\/p>\n<p>&nbsp;<\/p>\n","protected":false},"excerpt":{"rendered":"<p>La Asociaci\u00f3n Espa\u00f1ola de Pediatr\u00eda ha elaborado este Manual con el objetivo de asesorar a las familias con informaci\u00f3n \u00fatil y completa respecto al embarazo, [&hellip;]<\/p>\n","protected":false},"author":8,"featured_media":2570,"comment_status":"open","ping_status":"open","sticky":false,"template":"","format":"standard","meta":{"_jetpack_memberships_contains_paid_content":false,"footnotes":""},"categories":[9,10],"tags":[14,27,47],"class_list":["post-2397","post","type-post","status-publish","format-standard","has-post-thumbnail","hentry","category-cuidando-mi-salud","category-conociendo-mi-enfermedad","tag-guias","tag-nacimiento","tag-pediatria"],"jetpack_featured_media_url":"https:\/\/www.picuida.es\/ciudadania\/wp-content\/uploads\/2017\/11\/guiaped3.jpg","jetpack_sharing_enabled":true,"_links":{"self":[{"href":"https:\/\/www.picuida.es\/ciudadania\/wp-json\/wp\/v2\/posts\/2397","targetHints":{"allow":["GET"]}}],"collection":[{"href":"https:\/\/www.picuida.es\/ciudadania\/wp-json\/wp\/v2\/posts"}],"about":[{"href":"https:\/\/www.picuida.es\/ciudadania\/wp-json\/wp\/v2\/types\/post"}],"author":[{"embeddable":true,"href":"https:\/\/www.picuida.es\/ciudadania\/wp-json\/wp\/v2\/users\/8"}],"replies":[{"embeddable":true,"href":"https:\/\/www.picuida.es\/ciudadania\/wp-json\/wp\/v2\/comments?post=2397"}],"version-history":[{"count":1,"href":"https:\/\/www.picuida.es\/ciudadania\/wp-json\/wp\/v2\/posts\/2397\/revisions"}],"predecessor-version":[{"id":3505,"href":"https:\/\/www.picuida.es\/ciudadania\/wp-json\/wp\/v2\/posts\/2397\/revisions\/3505"}],"wp:featuredmedia":[{"embeddable":true,"href":"https:\/\/www.picuida.es\/ciudadania\/wp-json\/wp\/v2\/media\/2570"}],"wp:attachment":[{"href":"https:\/\/www.picuida.es\/ciudadania\/wp-json\/wp\/v2\/media?parent=2397"}],"wp:term":[{"taxonomy":"category","embeddable":true,"href":"https:\/\/www.picuida.es\/ciudadania\/wp-json\/wp\/v2\/categories?post=2397"},{"taxonomy":"post_tag","embeddable":true,"href":"https:\/\/www.picuida.es\/ciudadania\/wp-json\/wp\/v2\/tags?post=2397"}],"curies":[{"name":"wp","href":"https:\/\/api.w.org\/{rel}","templated":true}]}}