{"id":3200,"date":"2019-04-05T13:30:24","date_gmt":"2019-04-05T11:30:24","guid":{"rendered":"https:\/\/www.picuida.es\/ciudadania\/?p=3200"},"modified":"2019-04-05T10:47:02","modified_gmt":"2019-04-05T08:47:02","slug":"salud-responde-inicia-la-campana-de-informacion-sobre-los-niveles-de-polen","status":"publish","type":"post","link":"https:\/\/www.picuida.es\/ciudadania\/salud-responde-inicia-la-campana-de-informacion-sobre-los-niveles-de-polen\/","title":{"rendered":"Salud Responde inicia la campa\u00f1a de informaci\u00f3n sobre los niveles de polen"},"content":{"rendered":"<p style=\"text-align: justify;\">Salud Responde inicia la campa\u00f1a de informaci\u00f3n de inter\u00e9s para las personas al\u00e9rgicas al polen que va a permitir trasladar este a\u00f1o estos mensajes a m\u00e1s de 3 millones de personas usuarias de la aplicaci\u00f3n m\u00f3vil gratuita de Salud Responde.<\/p>\n<p style=\"text-align: justify;\">La campa\u00f1a, de cuatro meses de duraci\u00f3n, es un servicio de la Consejer\u00eda de Salud y Familias de la Junta de Andaluc\u00eda que aporta rapidez y comodidad para acceder a la informaci\u00f3n sobre los niveles de los al\u00e9rgenos (gram\u00edneas, olivo, abedul,\u2026) por provincias y que permite a los usuarios interesados consultar dudas sobre las medidas a adoptar para prevenir los s\u00edntomas de la alergia.<\/p>\n<p style=\"text-align: justify;\">Desde este centro de informaci\u00f3n y servicios, gestionado conjuntamente por la Empresa P\u00fablica de Emergencias Sanitarias y el Servicio Andaluz de Salud, se consulta semanalmente la informaci\u00f3n de los niveles de polen previsto, que se reflejan en la aplicaci\u00f3n divididos en tres rangos alto, medio o bajo por cada uno de los al\u00e9rgenos.<\/p>\n<p style=\"text-align: justify;\"><img decoding=\"async\" class=\"wp-image-3201 alignleft\" src=\"https:\/\/www.picuida.es\/ciudadania\/wp-content\/uploads\/2019\/04\/saludrespondepolen.jpg\" alt=\"\" width=\"608\" height=\"358\" \/>Estos datos se extraen de la Red andaluza de Aerobiolog\u00eda, de la Universidad de C\u00f3rdoba. Esta informaci\u00f3n sobre los diferentes niveles de polen previstos en cada una de las provincias andaluzas, se remite a trav\u00e9s de mensajes push desde la propia aplicaci\u00f3n m\u00f3vil y al tel\u00e9fono, para aquellas personas inscritas en este servicio de informaci\u00f3n que desean recibir la informaci\u00f3n a trav\u00e9s de sms.<\/p>\n<p style=\"text-align: justify;\">En 2018 se enviaron 149.765 mensajes que ayudan a adoptar las medidas preventivas necesarias para paliar los efectos derivados de esta patolog\u00eda, (57.289 a trav\u00e9s de la App y 92.476 v\u00eda sms). Estos mensajes lo recibieron 2,1 millones de usuarios de la App y los 13.596 andaluces que est\u00e1n inscritos en el servicio de informaci\u00f3n v\u00eda sms, que todas las semanas disponen de informaci\u00f3n actualizada sobre el pron\u00f3stico de concentraci\u00f3n de polen en el ambiente.<\/p>\n<p style=\"text-align: justify;\">Toda esta informaci\u00f3n est\u00e1 recogida en su totalidad en la aplicaci\u00f3n m\u00f3vil \u00abSalud Responde\u00bb donde se realizaron el a\u00f1o pasado un total de 53.523 consultas de informaci\u00f3n sobre polen y alergias. A la aplicaci\u00f3n se puede acceder de forma gratuita en las tiendas de las principales plataformas de dispositivos de \u00faltima generaci\u00f3n (App Store para dispositivos iOS y Google Play para dispositivos Android y en la tienda de Windows para dispositivos Windows Phone).<\/p>\n<p style=\"text-align: justify;\"><strong>M\u00e1s de 1.000 personas se benefician del Programa Aire<\/strong><\/p>\n<p style=\"text-align: justify;\">El programa \u00abAire\u00bb, puesto en marcha por la Empresa P\u00fablica de Emergencias Sanitarias 061 y el Plan Andaluz de Urgencias y Emergencias para procurar una asistencia \u00e1gil y r\u00e1pida a las personas con asma grave o que hayan padecido un shock anafil\u00e1ctico agudo que necesiten atenci\u00f3n urgente, registra en la actualidad un total de 1.084 pacientes.<\/p>\n<p style=\"text-align: justify;\">El programa \u00abAire\u00bb, desarrollado en colaboraci\u00f3n con asociaciones de pacientes y sociedades cient\u00edficas, es de inscripci\u00f3n voluntaria y gratuita, y est\u00e1 dirigido a todas aquellas personas asm\u00e1ticas que hayan requerido ingresar en las unidades de cuidados intensivos o que hayan sido hospitalizadas por asma grave, al menos una vez en el a\u00f1o anterior; a personas asm\u00e1ticas que hayan sufrido infarto cardiaco o angina de pecho, arritmias, sean al\u00e9rgicas y obesas; a los menores de 5 a\u00f1os que hayan padecido bronquiolitis, as\u00ed como a las personas con anafilaxia (alergia muy grave) por picaduras, ingesta de alimentos u otras sustancias que hayan precisado ingreso hospitalario.<\/p>\n<p style=\"text-align: justify;\">A lo largo del 2018, los pacientes inscritos en este programa han solicitado asistencia sanitaria a los centros coordinadores de urgencias y emergencias en 143 ocasiones, resolvi\u00e9ndose a trav\u00e9s de consejos sanitarios el 16% de las peticiones de asistencia sin necesidad desplazamientos a centros sanitarios y requiriendo la intervenci\u00f3n de los servicios de emergencias 061 en un 12,6% de los casos.<\/p>\n<p style=\"text-align: justify;\">Los pacientes que deseen beneficiarse de esta iniciativa pueden acceder a toda la informaci\u00f3n sobre el programa a trav\u00e9s de la app Salud Responde o desde la p\u00e1gina web de la Empresa P\u00fablica de Emergencias Sanitarias (<a title=\"Enlace a la web http:\/\/www.epes.es\/?estaticos=programa-aire (abre en ventana nueva)\" href=\"http:\/\/www.epes.es\/?estaticos=programa-aire\" target=\"_blank\" rel=\"noopener noreferrer\">http:\/\/www.epes.es\/?estaticos=programa-aire<\/a>), donde pueden descargarse la solicitud para darse de alta, que tendr\u00e1n que rellenar con sus datos personales y enviar junto al informe de su m\u00e9dico de cabecera o especialista (pediatra, neum\u00f3logo, alerg\u00f3logo), al correo electr\u00f3nico aire.saludresponde@juntadeandalucia.es o a la direcci\u00f3n postal que se les indica en la web.<\/p>\n<p style=\"text-align: justify;\">Desde Salud Responde se proceder\u00e1 a introducir sus datos en el sistema de informaci\u00f3n que sustenta el programa, una vez que se comprueba que cumple los criterios cl\u00ednicos y se le remitir\u00e1 una carta con la confirmaci\u00f3n de alta as\u00ed como una tarjeta identificativa de pertenencia al programa (Tarjeta Aire).<\/p>\n<p style=\"text-align: justify;\"><strong>Consejos ante una crisis de ahogo<\/strong><\/p>\n<p style=\"text-align: justify;\">El asma es una enfermedad inflamatoria del aparato respiratorio que provoca dificultad en la respiraci\u00f3n (disnea). Se trata de un trastorno inflamatorio cr\u00f3nico de las v\u00edas respiratorias. En personas sensibles, esta inflamaci\u00f3n causa episodios recurrentes de sibilancias o \u00abpitos\u00bb, falta de aire, presi\u00f3n en el pecho y tos. Ante una crisis de ahogo, el 061 aconseja intentar relajarse, apartarse de inmediato de la causa que est\u00e1 provocando la situaci\u00f3n y si hay humo u olores en el ambiente, abrir una ventana. En el caso de que la persona est\u00e9 sola, debe solicitar ayuda y en una posici\u00f3n c\u00f3moda y situaci\u00f3n c\u00f3moda respirar profundamente y usar la medicaci\u00f3n que su m\u00e9dico le haya indicado. Si mejora, debe estar en reposo una hora. Si la sensaci\u00f3n de ahogo se mantiene tras pasados 15 o 20 minutos, es recomendable volver a usar el broncodilator y avisar al 061, desde donde se le dar\u00e1n los consejos a seguir mientras llega la ayuda.<\/p>\n<p style=\"text-align: justify;\">En el caso de lo que padezca sea una reacci\u00f3n al\u00e9rgica muy grave, un episodio de anafilaxia, se recomienda aplicar inmediatamente un autoinyector de adrenalina, en la cara externa del muslo con la dosis indicada por su m\u00e9dico y llamar al 061. Mientras llega la asistencia, es recomendable permanecer tumbado y si pasados 5 minutos no hay mejora, se debe administrar una nueva dosis de adrenalina siempre que est\u00e9 indicado.<\/p>\n","protected":false},"excerpt":{"rendered":"<p>Salud Responde inicia la campa\u00f1a de informaci\u00f3n de inter\u00e9s para las personas al\u00e9rgicas al polen que va a permitir trasladar este a\u00f1o estos mensajes a [&hellip;]<\/p>\n","protected":false},"author":8,"featured_media":3201,"comment_status":"open","ping_status":"open","sticky":false,"template":"","format":"standard","meta":{"_jetpack_memberships_contains_paid_content":false,"footnotes":""},"categories":[17],"tags":[],"class_list":["post-3200","post","type-post","status-publish","format-standard","has-post-thumbnail","hentry","category-noticias"],"jetpack_featured_media_url":"https:\/\/www.picuida.es\/ciudadania\/wp-content\/uploads\/2019\/04\/saludrespondepolen.jpg","jetpack_sharing_enabled":true,"_links":{"self":[{"href":"https:\/\/www.picuida.es\/ciudadania\/wp-json\/wp\/v2\/posts\/3200","targetHints":{"allow":["GET"]}}],"collection":[{"href":"https:\/\/www.picuida.es\/ciudadania\/wp-json\/wp\/v2\/posts"}],"about":[{"href":"https:\/\/www.picuida.es\/ciudadania\/wp-json\/wp\/v2\/types\/post"}],"author":[{"embeddable":true,"href":"https:\/\/www.picuida.es\/ciudadania\/wp-json\/wp\/v2\/users\/8"}],"replies":[{"embeddable":true,"href":"https:\/\/www.picuida.es\/ciudadania\/wp-json\/wp\/v2\/comments?post=3200"}],"version-history":[{"count":1,"href":"https:\/\/www.picuida.es\/ciudadania\/wp-json\/wp\/v2\/posts\/3200\/revisions"}],"predecessor-version":[{"id":3202,"href":"https:\/\/www.picuida.es\/ciudadania\/wp-json\/wp\/v2\/posts\/3200\/revisions\/3202"}],"wp:featuredmedia":[{"embeddable":true,"href":"https:\/\/www.picuida.es\/ciudadania\/wp-json\/wp\/v2\/media\/3201"}],"wp:attachment":[{"href":"https:\/\/www.picuida.es\/ciudadania\/wp-json\/wp\/v2\/media?parent=3200"}],"wp:term":[{"taxonomy":"category","embeddable":true,"href":"https:\/\/www.picuida.es\/ciudadania\/wp-json\/wp\/v2\/categories?post=3200"},{"taxonomy":"post_tag","embeddable":true,"href":"https:\/\/www.picuida.es\/ciudadania\/wp-json\/wp\/v2\/tags?post=3200"}],"curies":[{"name":"wp","href":"https:\/\/api.w.org\/{rel}","templated":true}]}}