{"id":415,"date":"2016-06-07T08:37:44","date_gmt":"2016-06-07T08:37:44","guid":{"rendered":"http:\/\/www.picuida.es\/ciudadania\/?p=415"},"modified":"2016-06-07T08:43:26","modified_gmt":"2016-06-07T08:43:26","slug":"recomendaciones-para-pacientes-en-tratamiento-con-quimioterapia","status":"publish","type":"post","link":"https:\/\/www.picuida.es\/ciudadania\/recomendaciones-para-pacientes-en-tratamiento-con-quimioterapia\/","title":{"rendered":"Recomendaciones para pacientes en tratamiento con quimioterapia"},"content":{"rendered":"<p style=\"text-align: justify;\">Esta <a href=\"https:\/\/www.gepac.es\/docs\/Toxicidad_Quimioterapia-LR.pdf\" target=\"_blank\" rel=\"noopener\">Gu\u00eda<\/a> va dirigida a todas las personas implicadas en el tratamiento con quimioterapia\u00a0y especialmente a los\u00a0pacientes, para que conozcan los s\u00edntomas que pueden aparecer durante el tratamiento con de su enfermedad, consejos para paliar dichos s\u00edntomas y comprendan cu\u00e1ndo deben consultar a su m\u00e9dico para que \u00e9ste paute el tratamiento y\/o las medidas adecuadas para el control adecuado de estos efectos secundarios.<\/p>\n<p style=\"text-align: justify;\">Est\u00e1 elaborada por profesionales sanitarios del\u00a0Servicio de Oncolog\u00eda M\u00e9dica del Hospital Universitario Puerta de Hierro-Majadahonda-Madrid y del Hospital General Universitario de Valencia.<\/p>\n<p><a href=\"https:\/\/www.gepac.es\/docs\/Toxicidad_Quimioterapia-LR.pdf\" target=\"_blank\" rel=\"noopener\"><img decoding=\"async\" class=\"alignnone size-medium wp-image-416\" src=\"http:\/\/www.picuida.es\/ciudadania\/wp-content\/uploads\/2016\/06\/recomendaciones-quimio-300x300.png\" alt=\"recomendaciones quimio\" width=\"300\" height=\"300\" srcset=\"https:\/\/www.picuida.es\/ciudadania\/wp-content\/uploads\/2016\/06\/recomendaciones-quimio-150x150.png 150w, https:\/\/www.picuida.es\/ciudadania\/wp-content\/uploads\/2016\/06\/recomendaciones-quimio-300x300.png 300w, https:\/\/www.picuida.es\/ciudadania\/wp-content\/uploads\/2016\/06\/recomendaciones-quimio-325x325.png 325w, https:\/\/www.picuida.es\/ciudadania\/wp-content\/uploads\/2016\/06\/recomendaciones-quimio-768x769.png 768w, https:\/\/www.picuida.es\/ciudadania\/wp-content\/uploads\/2016\/06\/recomendaciones-quimio.png 770w\" sizes=\"(max-width: 300px) 100vw, 300px\" \/><\/a><\/p>\n","protected":false},"excerpt":{"rendered":"<p>Esta Gu\u00eda va dirigida a todas las personas implicadas en el tratamiento con quimioterapia\u00a0y especialmente a los\u00a0pacientes, para que conozcan los s\u00edntomas que pueden aparecer [&hellip;]<\/p>\n","protected":false},"author":8,"featured_media":416,"comment_status":"open","ping_status":"open","sticky":false,"template":"","format":"standard","meta":{"_jetpack_memberships_contains_paid_content":false,"footnotes":""},"categories":[10],"tags":[14,58],"class_list":["post-415","post","type-post","status-publish","format-standard","has-post-thumbnail","hentry","category-conociendo-mi-enfermedad","tag-guias","tag-quimioterapia"],"jetpack_featured_media_url":"https:\/\/www.picuida.es\/ciudadania\/wp-content\/uploads\/2016\/06\/recomendaciones-quimio.png","jetpack_sharing_enabled":true,"_links":{"self":[{"href":"https:\/\/www.picuida.es\/ciudadania\/wp-json\/wp\/v2\/posts\/415","targetHints":{"allow":["GET"]}}],"collection":[{"href":"https:\/\/www.picuida.es\/ciudadania\/wp-json\/wp\/v2\/posts"}],"about":[{"href":"https:\/\/www.picuida.es\/ciudadania\/wp-json\/wp\/v2\/types\/post"}],"author":[{"embeddable":true,"href":"https:\/\/www.picuida.es\/ciudadania\/wp-json\/wp\/v2\/users\/8"}],"replies":[{"embeddable":true,"href":"https:\/\/www.picuida.es\/ciudadania\/wp-json\/wp\/v2\/comments?post=415"}],"version-history":[{"count":0,"href":"https:\/\/www.picuida.es\/ciudadania\/wp-json\/wp\/v2\/posts\/415\/revisions"}],"wp:featuredmedia":[{"embeddable":true,"href":"https:\/\/www.picuida.es\/ciudadania\/wp-json\/wp\/v2\/media\/416"}],"wp:attachment":[{"href":"https:\/\/www.picuida.es\/ciudadania\/wp-json\/wp\/v2\/media?parent=415"}],"wp:term":[{"taxonomy":"category","embeddable":true,"href":"https:\/\/www.picuida.es\/ciudadania\/wp-json\/wp\/v2\/categories?post=415"},{"taxonomy":"post_tag","embeddable":true,"href":"https:\/\/www.picuida.es\/ciudadania\/wp-json\/wp\/v2\/tags?post=415"}],"curies":[{"name":"wp","href":"https:\/\/api.w.org\/{rel}","templated":true}]}}