{"id":611,"date":"2016-09-23T08:30:28","date_gmt":"2016-09-23T06:30:28","guid":{"rendered":"http:\/\/www.picuida.es\/ciudadania\/?p=611"},"modified":"2020-03-10T11:13:14","modified_gmt":"2020-03-10T10:13:14","slug":"la-psoriasis-infantil","status":"publish","type":"post","link":"https:\/\/www.picuida.es\/ciudadania\/la-psoriasis-infantil\/","title":{"rendered":"La historia de Valentina, una ni\u00f1a con psoriasis"},"content":{"rendered":"<p style=\"text-align: justify;\"><a href=\"http:\/\/www.accionpsoriasis.org\/valentina\/Comic_Valentina.pdf\" target=\"_blank\" rel=\"noopener noreferrer\">\u00abUn secreto tras la piel. La historia de Valentina, una ni\u00f1a con psoriasis\u00bb<\/a>\u00a0es el t\u00edtulo del c\u00f3mic que\u00a0constituye una herramienta muy \u00fatil para ayudar a los pacientes a aumentar su autoestima y proporcionarles de forma instructiva y amena la informaci\u00f3n necesaria para que asuman la enfermedad y se impliquen en el tratamiento.<\/p>\n<p style=\"text-align: justify;\">La publicaci\u00f3n \u2014que cuenta con la revisi\u00f3n de \u00c1ngela Hern\u00e1ndez, dermat\u00f3loga del Hospital Universitario Infantil Ni\u00f1o Jes\u00fas, Madrid\u2014 narra a lo largo de 12 p\u00e1ginas la aventura de Valentina, una ni\u00f1a con psoriasis, enfermedad que le causa verg\u00fcenza y malestar por las reacciones de sus compa\u00f1eros de colegio y de las personas de su entorno:<\/p>\n<p style=\"text-align: justify;\">El c\u00f3mic se acompa\u00f1a, adem\u00e1s, de una secci\u00f3n titulada \u00abPara saber m\u00e1s: la psoriasis\u00bb, destinada m\u00e1s a los padres y poblaci\u00f3n general que a los propios ni\u00f1os; en ella de manera breve y sencilla se abordan las siguientes cuestiones en torno a la enfermedad: definici\u00f3n, causas, carga psicol\u00f3gica, diagn\u00f3stico y tratamiento, adherencia y consejos.<\/p>\n<p style=\"text-align: justify;\"><a href=\"http:\/\/www.accionpsoriasis.org\/valentina\/Comic_Valentina.pdf\" target=\"_blank\" rel=\"noopener noreferrer\"><img decoding=\"async\" class=\"size-medium wp-image-926 aligncenter\" src=\"http:\/\/www.picuida.es\/ciudadania\/wp-content\/uploads\/2016\/06\/psoriasis-216x300.jpg\" alt=\"psoriasis\" width=\"216\" height=\"300\" \/><\/a><\/p>\n<p style=\"text-align: justify;\">\n","protected":false},"excerpt":{"rendered":"<p>\u00abUn secreto tras la piel. La historia de Valentina, una ni\u00f1a con psoriasis\u00bb\u00a0es el t\u00edtulo del c\u00f3mic que\u00a0constituye una herramienta muy \u00fatil para ayudar a [&hellip;]<\/p>\n","protected":false},"author":8,"featured_media":612,"comment_status":"open","ping_status":"open","sticky":false,"template":"","format":"standard","meta":{"_jetpack_memberships_contains_paid_content":false,"footnotes":""},"categories":[10],"tags":[210,15,69,178],"class_list":["post-611","post","type-post","status-publish","format-standard","has-post-thumbnail","hentry","category-conociendo-mi-enfermedad","tag-dia-universal-del-nino","tag-folletos","tag-psoriasis","tag-vuelta-al-cole"],"jetpack_featured_media_url":"https:\/\/www.picuida.es\/ciudadania\/wp-content\/uploads\/2016\/06\/Psoriasis_VALENTINA-baja-737x1024.jpg","jetpack_sharing_enabled":true,"_links":{"self":[{"href":"https:\/\/www.picuida.es\/ciudadania\/wp-json\/wp\/v2\/posts\/611","targetHints":{"allow":["GET"]}}],"collection":[{"href":"https:\/\/www.picuida.es\/ciudadania\/wp-json\/wp\/v2\/posts"}],"about":[{"href":"https:\/\/www.picuida.es\/ciudadania\/wp-json\/wp\/v2\/types\/post"}],"author":[{"embeddable":true,"href":"https:\/\/www.picuida.es\/ciudadania\/wp-json\/wp\/v2\/users\/8"}],"replies":[{"embeddable":true,"href":"https:\/\/www.picuida.es\/ciudadania\/wp-json\/wp\/v2\/comments?post=611"}],"version-history":[{"count":1,"href":"https:\/\/www.picuida.es\/ciudadania\/wp-json\/wp\/v2\/posts\/611\/revisions"}],"predecessor-version":[{"id":3482,"href":"https:\/\/www.picuida.es\/ciudadania\/wp-json\/wp\/v2\/posts\/611\/revisions\/3482"}],"wp:featuredmedia":[{"embeddable":true,"href":"https:\/\/www.picuida.es\/ciudadania\/wp-json\/wp\/v2\/media\/612"}],"wp:attachment":[{"href":"https:\/\/www.picuida.es\/ciudadania\/wp-json\/wp\/v2\/media?parent=611"}],"wp:term":[{"taxonomy":"category","embeddable":true,"href":"https:\/\/www.picuida.es\/ciudadania\/wp-json\/wp\/v2\/categories?post=611"},{"taxonomy":"post_tag","embeddable":true,"href":"https:\/\/www.picuida.es\/ciudadania\/wp-json\/wp\/v2\/tags?post=611"}],"curies":[{"name":"wp","href":"https:\/\/api.w.org\/{rel}","templated":true}]}}