{"id":754,"date":"2016-07-20T09:30:51","date_gmt":"2016-07-20T07:30:51","guid":{"rendered":"http:\/\/www.picuida.es\/ciudadania\/?p=754"},"modified":"2020-03-10T11:21:53","modified_gmt":"2020-03-10T10:21:53","slug":"la-depresion-en-el-adulto","status":"publish","type":"post","link":"https:\/\/www.picuida.es\/ciudadania\/la-depresion-en-el-adulto\/","title":{"rendered":"La depresi\u00f3n en el adulto"},"content":{"rendered":"<p>La depresi\u00f3n es probablemente, uno de los trastornos mentales m\u00e1s frecuentes. La Organizaci\u00f3n Mundial de la Salud (OMS) estima que la depresi\u00f3n es uno de los trastornos que m\u00e1s discapacidad provoca en el mundo. En Espa\u00f1a afecta a 1 de cada 6 personas en alg\u00fan momento de su vida, y el 70% de los pacientes con depresi\u00f3n son mujeres. Se puede sufrir depresi\u00f3n a cualquier edad.<\/p>\n<p style=\"text-align: justify;\">Aunque la mayor\u00eda de las personas experimenta tristeza de vez en cuando, normalmente como respuesta a alg\u00fan acontecimiento de la vida (p\u00e9rdida de un ser querido, desempleo, problema familiar\u2026), en algunas ocasiones esos sentimientos contin\u00faan a lo largo del tiempo acompa\u00f1ados de otros s\u00edntomas que provocan malestar y difi cultad para desarrollar la vida cotidiana. Causan dolor tanto a quien lo padece, como a quienes les rodean. Este conjunto de s\u00edntomas y sensaciones es lo que se conoce con el nombre de depresi\u00f3n.<\/p>\n<p style=\"text-align: justify;\">Compartimos hoy la <a href=\"http:\/\/www.guiasalud.es\/GPC\/GPC_534_Depresion_Adulto_Avaliat_paciente.pdf\" target=\"_blank\" rel=\"noopener noreferrer\">Informaci\u00f3n para Pacientes<\/a>, Familiares y Allegados de la Gu\u00eda de Pr\u00e1ctica Cl\u00ednica del manejo de la Depresi\u00f3n en el adulto.<\/p>\n<p><a href=\"http:\/\/www.guiasalud.es\/GPC\/GPC_534_Depresion_Adulto_Avaliat_paciente.pdf\" target=\"_blank\" rel=\"noopener noreferrer\"><img decoding=\"async\" class=\"size-medium wp-image-755 aligncenter\" src=\"http:\/\/www.picuida.es\/ciudadania\/wp-content\/uploads\/2016\/07\/depresion-en-el-adulto-300x273.png\" alt=\"depresion en el adulto\" width=\"300\" height=\"273\" srcset=\"https:\/\/www.picuida.es\/ciudadania\/wp-content\/uploads\/2016\/07\/depresion-en-el-adulto-300x273.png 300w, https:\/\/www.picuida.es\/ciudadania\/wp-content\/uploads\/2016\/07\/depresion-en-el-adulto-768x698.png 768w, https:\/\/www.picuida.es\/ciudadania\/wp-content\/uploads\/2016\/07\/depresion-en-el-adulto.png 819w\" sizes=\"(max-width: 300px) 100vw, 300px\" \/><\/a><\/p>\n","protected":false},"excerpt":{"rendered":"<p>La depresi\u00f3n es probablemente, uno de los trastornos mentales m\u00e1s frecuentes. La Organizaci\u00f3n Mundial de la Salud (OMS) estima que la depresi\u00f3n es uno de [&hellip;]<\/p>\n","protected":false},"author":8,"featured_media":755,"comment_status":"open","ping_status":"open","sticky":false,"template":"","format":"standard","meta":{"_jetpack_memberships_contains_paid_content":false,"footnotes":""},"categories":[10],"tags":[212,14],"class_list":["post-754","post","type-post","status-publish","format-standard","has-post-thumbnail","hentry","category-conociendo-mi-enfermedad","tag-depresion","tag-guias"],"jetpack_featured_media_url":"https:\/\/www.picuida.es\/ciudadania\/wp-content\/uploads\/2016\/07\/depresion-en-el-adulto.png","jetpack_sharing_enabled":true,"_links":{"self":[{"href":"https:\/\/www.picuida.es\/ciudadania\/wp-json\/wp\/v2\/posts\/754","targetHints":{"allow":["GET"]}}],"collection":[{"href":"https:\/\/www.picuida.es\/ciudadania\/wp-json\/wp\/v2\/posts"}],"about":[{"href":"https:\/\/www.picuida.es\/ciudadania\/wp-json\/wp\/v2\/types\/post"}],"author":[{"embeddable":true,"href":"https:\/\/www.picuida.es\/ciudadania\/wp-json\/wp\/v2\/users\/8"}],"replies":[{"embeddable":true,"href":"https:\/\/www.picuida.es\/ciudadania\/wp-json\/wp\/v2\/comments?post=754"}],"version-history":[{"count":1,"href":"https:\/\/www.picuida.es\/ciudadania\/wp-json\/wp\/v2\/posts\/754\/revisions"}],"predecessor-version":[{"id":3490,"href":"https:\/\/www.picuida.es\/ciudadania\/wp-json\/wp\/v2\/posts\/754\/revisions\/3490"}],"wp:featuredmedia":[{"embeddable":true,"href":"https:\/\/www.picuida.es\/ciudadania\/wp-json\/wp\/v2\/media\/755"}],"wp:attachment":[{"href":"https:\/\/www.picuida.es\/ciudadania\/wp-json\/wp\/v2\/media?parent=754"}],"wp:term":[{"taxonomy":"category","embeddable":true,"href":"https:\/\/www.picuida.es\/ciudadania\/wp-json\/wp\/v2\/categories?post=754"},{"taxonomy":"post_tag","embeddable":true,"href":"https:\/\/www.picuida.es\/ciudadania\/wp-json\/wp\/v2\/tags?post=754"}],"curies":[{"name":"wp","href":"https:\/\/api.w.org\/{rel}","templated":true}]}}