{"id":918,"date":"2016-09-22T13:00:40","date_gmt":"2016-09-22T11:00:40","guid":{"rendered":"http:\/\/www.picuida.es\/ciudadania\/?p=918"},"modified":"2020-10-14T11:28:24","modified_gmt":"2020-10-14T09:28:24","slug":"primer-grupo-socioeducativo-hombres-la-provincia-huelva","status":"publish","type":"post","link":"https:\/\/www.picuida.es\/ciudadania\/primer-grupo-socioeducativo-hombres-la-provincia-huelva\/","title":{"rendered":"Primer grupo socioeducativo para hombres en la provincia de Huelva"},"content":{"rendered":"<p style=\"text-align: justify;\">El \u00c1rea Sanitaria Norte inicia en el centro de salud de Nerva el primer grupo socioeducativo para hombres en la provincia de Huelva.\u00a0Esta iniciativa, enfocada a usuarios de la Cuenca Minera, se enmarca en el Plan Integral de Salud Mental, que pretende fomentar el bienestar emocional.<\/p>\n<p style=\"text-align: justify;\">Estos grupos socioeducativos de atenci\u00f3n primaria pretenden fomentar los activos para la salud y el bienestar emocional, previniendo problemas de salud mental de la poblaci\u00f3n en riesgo. Est\u00e1n compuestos por un m\u00e1ximo de 15 personas, son coordinados por los trabajadores sociales en los centros de salud e intentan desarrollar habilidades personales para afrontar de forma saludable los problemas de la vida cotidiana.<\/p>\n<p style=\"text-align: justify;\">A nivel general, los contenidos abordados son de muy distinta \u00edndole a fin de adquirir una mayor autonom\u00eda personal, tales como el desarrollo de habilidades de comunicaci\u00f3n y de relaci\u00f3n, utilizaci\u00f3n de recursos sociales y activos de salud, manejo del estr\u00e9s, las relaciones afectivas o la sexualidad. En las diferentes sesiones los participantes establecen metas y objetivos, a la vez que elaboran estrategias para la resoluci\u00f3n de problemas.<\/p>\n<p><img decoding=\"async\" class=\"size-full wp-image-919 aligncenter\" src=\"http:\/\/www.picuida.es\/ciudadania\/wp-content\/uploads\/2016\/09\/psma.jpg\" alt=\"psma\" width=\"266\" height=\"285\" \/><\/p>\n<p style=\"text-align: justify;\">En este caso concreto, desde el pasado 29 de agosto, un grupo de ocho hombres de 41 a 67 a\u00f1os de edad, mayoritariamente residentes en la localidad nervense, ha iniciado su participaci\u00f3n en una serie de talleres con periodicidad semanal por espacio de dos horas dentro de esta actividad, coordinada e impartida por la trabajadora social de la Unidad de Gesti\u00f3n Cl\u00ednica de Minas de Riotinto, Adriana Rico. Est\u00e1 previsto que las sesiones, 11 en total, concluyan el pr\u00f3ximo 31 de octubre.<\/p>\n<p style=\"text-align: justify;\">Fuente: <a href=\"http:\/\/www.sas.junta-andalucia.es\/principal\/noticia.asp?codcontenido=27062\" target=\"_blank\" rel=\"noopener noreferrer\">SAS<\/a><\/p>\n","protected":false},"excerpt":{"rendered":"<p>El \u00c1rea Sanitaria Norte inicia en el centro de salud de Nerva el primer grupo socioeducativo para hombres en la provincia de Huelva.\u00a0Esta iniciativa, enfocada [&hellip;]<\/p>\n","protected":false},"author":8,"featured_media":919,"comment_status":"open","ping_status":"open","sticky":false,"template":"","format":"standard","meta":{"_jetpack_memberships_contains_paid_content":false,"footnotes":""},"categories":[17],"tags":[],"class_list":["post-918","post","type-post","status-publish","format-standard","has-post-thumbnail","hentry","category-noticias"],"jetpack_featured_media_url":"https:\/\/www.picuida.es\/ciudadania\/wp-content\/uploads\/2016\/09\/psma.jpg","jetpack_sharing_enabled":true,"_links":{"self":[{"href":"https:\/\/www.picuida.es\/ciudadania\/wp-json\/wp\/v2\/posts\/918","targetHints":{"allow":["GET"]}}],"collection":[{"href":"https:\/\/www.picuida.es\/ciudadania\/wp-json\/wp\/v2\/posts"}],"about":[{"href":"https:\/\/www.picuida.es\/ciudadania\/wp-json\/wp\/v2\/types\/post"}],"author":[{"embeddable":true,"href":"https:\/\/www.picuida.es\/ciudadania\/wp-json\/wp\/v2\/users\/8"}],"replies":[{"embeddable":true,"href":"https:\/\/www.picuida.es\/ciudadania\/wp-json\/wp\/v2\/comments?post=918"}],"version-history":[{"count":1,"href":"https:\/\/www.picuida.es\/ciudadania\/wp-json\/wp\/v2\/posts\/918\/revisions"}],"predecessor-version":[{"id":3777,"href":"https:\/\/www.picuida.es\/ciudadania\/wp-json\/wp\/v2\/posts\/918\/revisions\/3777"}],"wp:featuredmedia":[{"embeddable":true,"href":"https:\/\/www.picuida.es\/ciudadania\/wp-json\/wp\/v2\/media\/919"}],"wp:attachment":[{"href":"https:\/\/www.picuida.es\/ciudadania\/wp-json\/wp\/v2\/media?parent=918"}],"wp:term":[{"taxonomy":"category","embeddable":true,"href":"https:\/\/www.picuida.es\/ciudadania\/wp-json\/wp\/v2\/categories?post=918"},{"taxonomy":"post_tag","embeddable":true,"href":"https:\/\/www.picuida.es\/ciudadania\/wp-json\/wp\/v2\/tags?post=918"}],"curies":[{"name":"wp","href":"https:\/\/api.w.org\/{rel}","templated":true}]}}