{"id":922,"date":"2016-09-22T14:00:14","date_gmt":"2016-09-22T12:00:14","guid":{"rendered":"http:\/\/www.picuida.es\/ciudadania\/?p=922"},"modified":"2016-09-22T11:39:01","modified_gmt":"2016-09-22T09:39:01","slug":"ruta-pie-fomentar-ejercicio-fisico","status":"publish","type":"post","link":"https:\/\/www.picuida.es\/ciudadania\/ruta-pie-fomentar-ejercicio-fisico\/","title":{"rendered":"Ruta a pie para fomentar el ejercicio f\u00edsico"},"content":{"rendered":"<p style=\"text-align: justify;\">M\u00e1s de cien miembros de la Fundaci\u00f3n P\u00fablica Andaluza para la Integraci\u00f3n Social de Personas con Enfermedad Mental (\u00abFaisem\u00bb) han complementado hoy en la capital jiennense una ruta a pie organizadas para fomentar el ejercicio f\u00edsico y los h\u00e1bitos de vida saludables dentro del programa \u00abPor un mill\u00f3n de pasos\u00bb de la Junta y el II Plan Integral de Salud Mental de Andaluc\u00eda (PISMA).<\/p>\n<p style=\"text-align: justify;\">El objetivo de esta iniciativa es que mediante la pr\u00e1ctica de paseos en grupo se alcance un total de un mill\u00f3n de pasos dentro de un periodo m\u00e1ximo de un mes, que son medidos con pod\u00f3metros.<\/p>\n<p style=\"text-align: justify;\">Esta iniciativa pretende promover el conocimiento de los caminos y espacios rurales que los ciudadanos utilizan para realizar este tipo de pr\u00e1cticas deportivas y\u00a0concienciar a la poblaci\u00f3n sobre la importancia de seguir una vida sana a la hora de prevenir las enfermedades cardiovasculares, la diabetes tipo 2 y algunos tipos de c\u00e1ncer.<\/p>\n<p style=\"text-align: justify;\">El programa \u00abPor un mill\u00f3n de pasos\u00bb est\u00e1 impulsado por la Consejer\u00eda de Salud, en el marco del Plan de Actividad F\u00edsica y Alimentaci\u00f3n Equilibrada.<\/p>\n<p><img decoding=\"async\" class=\"size-medium wp-image-923 aligncenter\" src=\"http:\/\/www.picuida.es\/ciudadania\/wp-content\/uploads\/2016\/09\/camjaen-300x195.jpg\" alt=\"camjaen\" width=\"300\" height=\"195\" \/><\/p>\n<p>Fuente: <a href=\"http:\/\/www.sas.junta-andalucia.es\/principal\/noticia.asp?codcontenido=27078\" target=\"_blank\" rel=\"noopener\">SAS<\/a><\/p>\n","protected":false},"excerpt":{"rendered":"<p>M\u00e1s de cien miembros de la Fundaci\u00f3n P\u00fablica Andaluza para la Integraci\u00f3n Social de Personas con Enfermedad Mental (\u00abFaisem\u00bb) han complementado hoy en la capital [&hellip;]<\/p>\n","protected":false},"author":8,"featured_media":923,"comment_status":"open","ping_status":"open","sticky":false,"template":"","format":"standard","meta":{"_jetpack_memberships_contains_paid_content":false,"footnotes":""},"categories":[17],"tags":[95,55],"class_list":["post-922","post","type-post","status-publish","format-standard","has-post-thumbnail","hentry","category-noticias","tag-ejercicio-fisico","tag-salud-mental"],"jetpack_featured_media_url":"https:\/\/www.picuida.es\/ciudadania\/wp-content\/uploads\/2016\/09\/camjaen.jpg","jetpack_sharing_enabled":true,"_links":{"self":[{"href":"https:\/\/www.picuida.es\/ciudadania\/wp-json\/wp\/v2\/posts\/922","targetHints":{"allow":["GET"]}}],"collection":[{"href":"https:\/\/www.picuida.es\/ciudadania\/wp-json\/wp\/v2\/posts"}],"about":[{"href":"https:\/\/www.picuida.es\/ciudadania\/wp-json\/wp\/v2\/types\/post"}],"author":[{"embeddable":true,"href":"https:\/\/www.picuida.es\/ciudadania\/wp-json\/wp\/v2\/users\/8"}],"replies":[{"embeddable":true,"href":"https:\/\/www.picuida.es\/ciudadania\/wp-json\/wp\/v2\/comments?post=922"}],"version-history":[{"count":0,"href":"https:\/\/www.picuida.es\/ciudadania\/wp-json\/wp\/v2\/posts\/922\/revisions"}],"wp:featuredmedia":[{"embeddable":true,"href":"https:\/\/www.picuida.es\/ciudadania\/wp-json\/wp\/v2\/media\/923"}],"wp:attachment":[{"href":"https:\/\/www.picuida.es\/ciudadania\/wp-json\/wp\/v2\/media?parent=922"}],"wp:term":[{"taxonomy":"category","embeddable":true,"href":"https:\/\/www.picuida.es\/ciudadania\/wp-json\/wp\/v2\/categories?post=922"},{"taxonomy":"post_tag","embeddable":true,"href":"https:\/\/www.picuida.es\/ciudadania\/wp-json\/wp\/v2\/tags?post=922"}],"curies":[{"name":"wp","href":"https:\/\/api.w.org\/{rel}","templated":true}]}}